{"id":47088,"date":"2021-11-29T20:32:28","date_gmt":"2021-11-29T18:32:28","guid":{"rendered":"https:\/\/podcast.rs\/forum-evropa-sta-inicijativa-otvoreni-balkan-donosi-zemljama-u-regionu\/"},"modified":"2021-11-29T20:32:28","modified_gmt":"2021-11-29T18:32:28","slug":"forum-evropa-sta-inicijativa-otvoreni-balkan-donosi-zemljama-u-regionu","status":"publish","type":"post","link":"https:\/\/podcast.rs\/en\/forum-evropa-sta-inicijativa-otvoreni-balkan-donosi-zemljama-u-regionu\/","title":{"rendered":"Forum Evropa &#8211; \u0160ta inicijativa &#8222;Otvoreni Balkan&#8220; donosi zemljama u regionu"},"content":{"rendered":"<p>Inicijativa \u201cMali \u0160engen\u201d je postala \u201cOtvoreni Balkan\u201d, ali rebrendiranje o\u010digledno nije mnogo pomoglo \u2013 zemlje \u010dlanice su i dalje samo Srbija, Albanija i Severna Makedonija, dok ostale zemlje regiona ne \u017eele da se priklju\u010de. Su\u0161tina ove inicijative je ideja o slobodnom kretanju robe, kapitala i ljudi, i omoguc\u0301avanje gra\u0111anima da \u017eive i rade u drugim zemljama, ali se postavlja pitanje kakve politi\u010dke implikacije ova inicijativa ima za zemlje u regionu?<br \/>\nProgram se realizuje uz podr\u0161ku Balkan Trust for Democracy, projekta The German Marshall<br \/>\nFund of the United States and USAID-a.<br \/>\ndr Ramadani Dani Ilazi &#8211; vi\u0161i istra\u017eiva\u010d u Centru za bezbednosne studije Kosova<br \/>\nDimitrije Milic\u0301 &#8211; politi\u010dki analiti\u010dar, programski direktor NVO Novi trec\u0301i put, Srbija<br \/>\nModeratorka: Aleksandra Lozanovi\u0107<br \/>\nDizajnerka zvuka: Lidija Mirovi\u0107<br \/>\n___<br \/>\nThe &#8222;Little Schengen&#8220; has become an &#8222;Open Balkan&#8220; initiative, but the rebranding has obviously not helped much &#8211; only Serbia, Albania and Northern Macedonia remain member states, while other countries in the region do not want to join. The essence of this initiative is the idea of free movement of goods, capital and people, and enabling citizens to live and work in other countries, but the question is what political implications does this initiative have for countries in the region?<br \/>\nThe program is implemented with the support of the Balkan Trust for Democracy, a project of The German Marshall Fund of the United States and USAID.<br \/>\nDr. Ramadani Dani Ilazi &#8211; Senior Researcher at the Center for Security Studies of Kosovo<br \/>\nDimitrije Mili\u0107 &#8211; political analyst, program director of the NGO New third way, Serbia<br \/>\nModerator: Aleksandra Lozanovi\u0107<br \/>\nSound designer: Lidija Mirovi\u0107<\/p>","protected":false},"excerpt":{"rendered":"<p>Inicijativa \u201cMali \u0160engen\u201d je postala \u201cOtvoreni Ba\u2026<\/p>","protected":false},"author":3,"featured_media":47089,"comment_status":"","ping_status":"closed","sticky":false,"template":"","format":"standard","meta":{"page_builder":"","footnotes":""},"categories":[80],"tags":[],"class_list":["post-47088","post","type-post","status-publish","format-standard","has-post-thumbnail","hentry","category-remarker"],"_links":{"self":[{"href":"https:\/\/podcast.rs\/en\/wp-json\/wp\/v2\/posts\/47088","targetHints":{"allow":["GET"]}}],"collection":[{"href":"https:\/\/podcast.rs\/en\/wp-json\/wp\/v2\/posts"}],"about":[{"href":"https:\/\/podcast.rs\/en\/wp-json\/wp\/v2\/types\/post"}],"author":[{"embeddable":true,"href":"https:\/\/podcast.rs\/en\/wp-json\/wp\/v2\/users\/3"}],"replies":[{"embeddable":true,"href":"https:\/\/podcast.rs\/en\/wp-json\/wp\/v2\/comments?post=47088"}],"version-history":[{"count":0,"href":"https:\/\/podcast.rs\/en\/wp-json\/wp\/v2\/posts\/47088\/revisions"}],"wp:featuredmedia":[{"embeddable":true,"href":"https:\/\/podcast.rs\/en\/wp-json\/wp\/v2\/media\/47089"}],"wp:attachment":[{"href":"https:\/\/podcast.rs\/en\/wp-json\/wp\/v2\/media?parent=47088"}],"wp:term":[{"taxonomy":"category","embeddable":true,"href":"https:\/\/podcast.rs\/en\/wp-json\/wp\/v2\/categories?post=47088"},{"taxonomy":"post_tag","embeddable":true,"href":"https:\/\/podcast.rs\/en\/wp-json\/wp\/v2\/tags?post=47088"}],"curies":[{"name":"wp","href":"https:\/\/api.w.org\/{rel}","templated":true}]}}