{"id":47044,"date":"2021-11-27T00:00:00","date_gmt":"2021-11-26T22:00:00","guid":{"rendered":"https:\/\/podcast.rs\/forum-evropa-mladi-u-dijalogu-izmedju-kosova-i-srbije\/"},"modified":"2021-11-27T00:00:00","modified_gmt":"2021-11-26T22:00:00","slug":"forum-evropa-mladi-u-dijalogu-izmedju-kosova-i-srbije","status":"publish","type":"post","link":"https:\/\/podcast.rs\/en\/forum-evropa-mladi-u-dijalogu-izmedju-kosova-i-srbije\/","title":{"rendered":"Forum Evropa &#8211; Mladi u dijalogu izme\u0111u Kosova i Srbije"},"content":{"rendered":"<p>Ova debata je rezultat saradnje mladih sa Kosova i Srbije, koji su u\u010destvovali u Hartefaktovom programu Kosovske \u0161kole, obrazovnom i razmenskom programu posvec\u0301enom unapre\u0111enju saradnje izme\u0111u Kosova i Srbije, uklju\u010divanjem mladih iz obe zemlje i davanjem prostora za interakciju i razmenu mi\u0161ljenja, stavova, \u010dak i predrasuda, kako bi se bolje razumeli i upoznali.<br \/>\nProgram se realizuje uz podr\u0161ku Balkan Trust for Democracy, projekta The German Marshall<br \/>\nFund of the United States and USAID-a.<br \/>\nTrina Binaku \u2013 menad\u017eerka programa i razvoja, Inicijativa mladih za ljudska prava na Kosovu<br \/>\nIvana Markulic\u0301 &#8211; \u0161ef lokalne filijale u Srbiji, Regionalna kancelarija za saradnju mladih<br \/>\nModeratori: Stefan Bo\u0161kovic\u0301 i Aleksandra Pa\u0161ic\u0301<br \/>\nDizajner zvuka: Lidija Mirovic\u0301<br \/>\n__<\/p>\n<p>This debate is the outcome of the collaboration between youth from Kosovo and Serbia, who participated in Heartefact&#8217;s Kosovo School program, an educational and visiting program dedicated to enhancing cooperation between Kosovo and Serbia by involving youth from both countries and giving them space to interact and exchange opinions, attitudes, even prejudices, in order to better understand and meet one another.<br \/>\nThe program is implemented with the support of the Balkan Trust for Democracy, a project of The German Marshall Fund of the United States and USAID.<\/p>\n<p>Trina Binaku \u2013 Program and Development Manager, Youth Initiative for Human Rights Kosovo<br \/>\nIvana Markuli\u0107 &#8211; Head of Local Branch in Serbia, Regional Youth Cooperation Office<\/p>\n<p>Moderators: Stefan Bo\u0161kovi\u0107 and Aleksandra Pa\u0161i\u0107<br \/>\nSound designer: Lidija Mirovi\u0107<\/p>","protected":false},"excerpt":{"rendered":"<p>Ova debata je rezultat saradnje mladih sa Kosova \u2026<\/p>","protected":false},"author":3,"featured_media":47045,"comment_status":"","ping_status":"closed","sticky":false,"template":"","format":"standard","meta":{"footnotes":""},"categories":[80],"tags":[],"class_list":["post-47044","post","type-post","status-publish","format-standard","has-post-thumbnail","hentry","category-remarker"],"_links":{"self":[{"href":"https:\/\/podcast.rs\/en\/wp-json\/wp\/v2\/posts\/47044","targetHints":{"allow":["GET"]}}],"collection":[{"href":"https:\/\/podcast.rs\/en\/wp-json\/wp\/v2\/posts"}],"about":[{"href":"https:\/\/podcast.rs\/en\/wp-json\/wp\/v2\/types\/post"}],"author":[{"embeddable":true,"href":"https:\/\/podcast.rs\/en\/wp-json\/wp\/v2\/users\/3"}],"replies":[{"embeddable":true,"href":"https:\/\/podcast.rs\/en\/wp-json\/wp\/v2\/comments?post=47044"}],"version-history":[{"count":0,"href":"https:\/\/podcast.rs\/en\/wp-json\/wp\/v2\/posts\/47044\/revisions"}],"wp:featuredmedia":[{"embeddable":true,"href":"https:\/\/podcast.rs\/en\/wp-json\/wp\/v2\/media\/47045"}],"wp:attachment":[{"href":"https:\/\/podcast.rs\/en\/wp-json\/wp\/v2\/media?parent=47044"}],"wp:term":[{"taxonomy":"category","embeddable":true,"href":"https:\/\/podcast.rs\/en\/wp-json\/wp\/v2\/categories?post=47044"},{"taxonomy":"post_tag","embeddable":true,"href":"https:\/\/podcast.rs\/en\/wp-json\/wp\/v2\/tags?post=47044"}],"curies":[{"name":"wp","href":"https:\/\/api.w.org\/{rel}","templated":true}]}}