{"id":46708,"date":"2021-11-19T20:00:00","date_gmt":"2021-11-19T19:00:00","guid":{"rendered":"https:\/\/podcast.rs\/?p=46708"},"modified":"2021-11-19T21:15:08","modified_gmt":"2021-11-19T19:15:08","slug":"uticaj-zagadjenog-vazduha-na-zdravlje-bojan-simisic-eko-straza-ivan-kosogor-podcast-ep-129","status":"publish","type":"post","link":"https:\/\/podcast.rs\/en\/uticaj-zagadjenog-vazduha-na-zdravlje-bojan-simisic-eko-straza-ivan-kosogor-podcast-ep-129\/","title":{"rendered":"Uticaj zaga\u0111enog vazduha na zdravlje \u2014 Bojan Simi\u0161i\u0107 &#8211; Eko Stra\u017ea | Ivan Kosogor Podcast Ep.129"},"content":{"rendered":"<p>Bojan Simi\u0161i\u0107 je predstavnik neformalne organizacije Eko stra\u017ea, koja je trenutno poslednji stub odbrane od zaga\u0111iva\u010da. Situacija nije dobra, postoji problem i svi smo kolektivno ugro\u017eeni. Eko stra\u017ea prvenstveno ima cilj \u0161irenja svesti o zna\u010daju borbe za za\u0161titu \u017eivotne sredine, na prvom mestu vazduha! Sva ekolo\u0161ka pitanja su bitna, ali bolesni se ne mo\u017eemo boriti protiv ostalih problema, zdravlje je prioritet, a zaga\u0111enje vazduha je prvo na liniji da ga dramati\u010dno ugrozi.<\/p>\n<p><\/p>\n<p>Zaga\u0111enost vazduha je zajedni\u010dki problem na Balkanu i vreme je da po\u010dnemo da razmi\u0161ljamo u pravcu re\u0161enja!<\/p>\n<p><\/p>\n<p>Ako \u017eelite da saznate vi\u0161e o aktivnostima:<\/p>\n<p>Sajt: https:\/\/ekostraza.com\/<\/p>\n<p>Instagram: https:\/\/www.instagram.com\/ekostraza\/?hl=en<\/p>\n<p><\/p>\n<p><\/p>\n<p>\ud83d\udcb3 Podr\u017eite podcast jednokratnim donacijama na PayPal-u: https:\/\/www.paypal.me\/ivankosogor<\/p>\n<p>\ud83d\udc65 Patreon: https:\/\/www.patreon.com\/ivankosogor&nbsp;<\/p>\n<p><\/p>\n<p>\ud83d\udcf2 Zapratite me:&nbsp;<\/p>\n<p>Instagram: https:\/\/www.instagram.com\/ivankosogor\/<\/p>\n<p>Website: http:\/\/www.ivankosogor.com\/<\/p>\n<p><\/p>\n<p>\ud83c\udf99\ufe0f\u017deli\u0161 da pokrene\u0161 svoj podcast? Ni\u0161ta lak\u0161e! Napravio sam online kurs koji \u0107e ti u tome pomo\u0107i. Moj posao je da ti olak\u0161am ceo proces. Ako si za, klikni na link u nastavku \u2013 shttp:\/\/www.ivankosogor.com\/podcast-pro\/<\/p>\n<p><\/p>\n<p>Hvala vam na podr\u0161ci! \ud83d\ude4f<\/p>\n<p>&#8212; <\/p>\n<p>Support this podcast: <a href=\"https:\/\/anchor.fm\/ivankosogor\/support\" rel=\"payment\">https:\/\/anchor.fm\/ivankosogor\/support<\/a><\/p>","protected":false},"excerpt":{"rendered":"<p>Bojan Simi\u0161i\u0107 je predstavnik neformalne organizacije Eko stra\u017ea, koja je trenutno poslednji stub odbrane od zaga\u0111iva\u010da. Situacija nije dobra, postoji problem i svi smo kolektivno ugro\u017eeni. Eko stra\u017ea prvenstveno ima cilj \u0161irenja svesti o zna\u010daju borbe za za\u0161titu \u017eivotne sredine, na prvom mestu vazduha! Sva ekolo\u0161ka pitanja su bitna, ali bolesni se ne mo\u017eemo boriti&#8230;<\/p>","protected":false},"author":3,"featured_media":44789,"comment_status":"close","ping_status":"closed","sticky":false,"template":"","format":"audio","meta":{"page_builder":"","footnotes":""},"categories":[136],"tags":[],"class_list":["post-46708","post","type-post","status-publish","format-audio","has-post-thumbnail","hentry","category-ivan-kosogor-podcast","post_format-post-format-audio"],"_links":{"self":[{"href":"https:\/\/podcast.rs\/en\/wp-json\/wp\/v2\/posts\/46708","targetHints":{"allow":["GET"]}}],"collection":[{"href":"https:\/\/podcast.rs\/en\/wp-json\/wp\/v2\/posts"}],"about":[{"href":"https:\/\/podcast.rs\/en\/wp-json\/wp\/v2\/types\/post"}],"author":[{"embeddable":true,"href":"https:\/\/podcast.rs\/en\/wp-json\/wp\/v2\/users\/3"}],"replies":[{"embeddable":true,"href":"https:\/\/podcast.rs\/en\/wp-json\/wp\/v2\/comments?post=46708"}],"version-history":[{"count":0,"href":"https:\/\/podcast.rs\/en\/wp-json\/wp\/v2\/posts\/46708\/revisions"}],"wp:featuredmedia":[{"embeddable":true,"href":"https:\/\/podcast.rs\/en\/wp-json\/wp\/v2\/media\/44789"}],"wp:attachment":[{"href":"https:\/\/podcast.rs\/en\/wp-json\/wp\/v2\/media?parent=46708"}],"wp:term":[{"taxonomy":"category","embeddable":true,"href":"https:\/\/podcast.rs\/en\/wp-json\/wp\/v2\/categories?post=46708"},{"taxonomy":"post_tag","embeddable":true,"href":"https:\/\/podcast.rs\/en\/wp-json\/wp\/v2\/tags?post=46708"}],"curies":[{"name":"wp","href":"https:\/\/api.w.org\/{rel}","templated":true}]}}