{"id":457788,"date":"2025-09-25T10:45:39","date_gmt":"2025-09-25T08:45:39","guid":{"rendered":"https:\/\/podcast.rs\/?p=457788"},"modified":"2025-10-03T23:36:43","modified_gmt":"2025-10-03T21:36:43","slug":"za-mene-je-novinarstvo-sveto-ne-sluzi-mi-da-se-svetim-njime-jelena-zoric-neposlusni-podcast","status":"publish","type":"post","link":"https:\/\/podcast.rs\/en\/za-mene-je-novinarstvo-sveto-ne-sluzi-mi-da-se-svetim-njime-jelena-zoric-neposlusni-podcast\/","title":{"rendered":"Za mene je novinarstvo sveto, ne slu\u017ei mi da se svetim njime \/\/ Jelena Zori\u0107 \/\/ Neposlu\u0161ni podcast"},"content":{"rendered":"<p>\u201eNeposlu\u0161ni\u201c je novi Danasov podkast koji \u0107e ugostiti sve one ljude koji su imali hrabrosti da se proteklih godina suprotstave bezakonju, kriminalu ili su obavljanjem svog posla \u010dasno i po\u0161teno trpeli pritiske, bivali proganjani, targetirani ili im je bila ugro\u017eena li\u010dna bezbednost.<\/p>\n<p><\/p>\n<p>Zajedni\u010dko za sve njih je to da su podneli li\u010dnu \u017ertvu u ime onoga u \u0161ta veruju.<\/p>\n<p><\/p>\n<p>Gosti podkasta \u0107e biti ve\u0107 poznata lica \u0161iroj javnosti, ali i nova, koja i te kako zaslu\u017euju da se na\u0111u u \u201eNeposlu\u0161nima\u201c.<\/p>\n<p><\/p>\n<p>Cilj podkasta je da se ovi ljudi ne zaborave, a da se oni novi i manje poznati predstave javnosti i samim tim za\u0161tite od eventualnog daljeg progona, jer je javnost, na\u017ealost, danas najefikasnija za\u0161tita.<\/p>\n<p><\/p>\n<p>Autor i voditelj je novinar Danasa Uglje\u0161a Boki\u0107, a podkast \u0107e biti emitovan svakog drugog \u010detvrtka na zvani\u010dnom Danasovom Youtube kanalu i portalu Danasa, a epizode \u0107e biti dostupne i na podkast platformama Podcast.rs, Apple Podcasts, Google Podcasts, Stitcher i Spotify.<\/p>\n<p><\/p>","protected":false},"excerpt":{"rendered":"<p>\u201eNeposlu\u0161ni\u201c je novi Danasov podkast koji \u0107e ugostiti sve one ljude koji su imali hrabrosti da se proteklih godina suprotstave bezakonju, kriminalu ili su obavljanjem svog posla \u010dasno i po\u0161teno trpeli pritiske, bivali proganjani, targetirani ili im je bila ugro\u017eena li\u010dna bezbednost. Zajedni\u010dko za sve njih je to da su podneli li\u010dnu \u017ertvu u ime&#8230;<\/p>","protected":false},"author":3,"featured_media":457790,"comment_status":"close","ping_status":"closed","sticky":false,"template":"","format":"audio","meta":{"footnotes":""},"categories":[680],"tags":[],"class_list":["post-457788","post","type-post","status-publish","format-audio","has-post-thumbnail","hentry","category-neposlusni","post_format-post-format-audio"],"_links":{"self":[{"href":"https:\/\/podcast.rs\/en\/wp-json\/wp\/v2\/posts\/457788","targetHints":{"allow":["GET"]}}],"collection":[{"href":"https:\/\/podcast.rs\/en\/wp-json\/wp\/v2\/posts"}],"about":[{"href":"https:\/\/podcast.rs\/en\/wp-json\/wp\/v2\/types\/post"}],"author":[{"embeddable":true,"href":"https:\/\/podcast.rs\/en\/wp-json\/wp\/v2\/users\/3"}],"replies":[{"embeddable":true,"href":"https:\/\/podcast.rs\/en\/wp-json\/wp\/v2\/comments?post=457788"}],"version-history":[{"count":1,"href":"https:\/\/podcast.rs\/en\/wp-json\/wp\/v2\/posts\/457788\/revisions"}],"predecessor-version":[{"id":457789,"href":"https:\/\/podcast.rs\/en\/wp-json\/wp\/v2\/posts\/457788\/revisions\/457789"}],"wp:featuredmedia":[{"embeddable":true,"href":"https:\/\/podcast.rs\/en\/wp-json\/wp\/v2\/media\/457790"}],"wp:attachment":[{"href":"https:\/\/podcast.rs\/en\/wp-json\/wp\/v2\/media?parent=457788"}],"wp:term":[{"taxonomy":"category","embeddable":true,"href":"https:\/\/podcast.rs\/en\/wp-json\/wp\/v2\/categories?post=457788"},{"taxonomy":"post_tag","embeddable":true,"href":"https:\/\/podcast.rs\/en\/wp-json\/wp\/v2\/tags?post=457788"}],"curies":[{"name":"wp","href":"https:\/\/api.w.org\/{rel}","templated":true}]}}