{"id":45680,"date":"2021-10-25T08:00:00","date_gmt":"2021-10-25T08:00:00","guid":{"rendered":"https:\/\/podcast.rs\/?p=45680"},"modified":"2023-02-06T02:48:14","modified_gmt":"2023-02-06T00:48:14","slug":"cuvari-kontejnera-u-iscekivanju-socijalnog-stana-u-beogradu","status":"publish","type":"post","link":"https:\/\/podcast.rs\/en\/cuvari-kontejnera-u-iscekivanju-socijalnog-stana-u-beogradu\/","title":{"rendered":"\u201e\u010cuvari kontejnera\u201c \u2013 U i\u0161\u010dekivanju socijalnog stana u Beogradu"},"content":{"rendered":"<p>Odmah nadomak Ade Ciganlije se nalazi malo kontejnersko naselje, mesto \u010diji stanari \u017eive u metalnim \u201ekutijama\u201c od po 12, 13 kvadrata. Njihovi domovi nemaju sanitarne \u010dvorove, a \u201esanitarni kontejneri\u201c koji su ranije postojali potpuno su uni\u0161teni, ili nepristupa\u010dni. Zbog toga je skoro nemogu\u0107e odr\u017eati higijenu jer ne postoje toaleti, tu\u0161evi, ni sudopere, \u0161to dodatno pogor\u0161ava zdravlje ovih ljudi, pogotovo u doba korona virusa. Sa ovakvom situacijom svakodnevno poku\u0161avaju da iza\u0111u na kraj brat i sestra iz Maki\u0161a, Kadrija i Ne\u0111mija koji se, osim sa manjkom prostora i higijene, oboje bore jo\u0161 i sa invaliditetom.<\/p>\n<p>Oni skoro da ne napu\u0161taju kontejner jer se jako ote\u017eano kre\u0107u, pa se samo mo\u017ee zamisliti kako izgleda njihova sobica, u kojoj nijedna stvar nije nikada oprana.<\/p>\n<p>Kadrija i Ne\u0111mija su najpre \u017eiveli ispod Pan\u010deva\u010dkog mosta, odakle su raseljeni prvo u naselje u selu Dren, pa u Maki\u0161. Oni ve\u0107 godinama unazad ne uspevaju da re\u0161e svoje stambeno pitanje. Alternativa im je nu\u0111ena u otkupu seoskih doma\u0107instava, da bi zatim bilo re\u010di o izgradnji socijalnih stanova u Ov\u010di, koja je obustavljena jer se lokalno stanovni\u0161tvo pobunilo zbog dolaska Roma. Posle ovih protesta, grad Beograd odlu\u010dio je da ne sagradi zgradu za socijalne stanove za Rome, a Kadrija i Ne\u0111mija, uprkos re\u0161enjima za stambeno zbrinjavanje, nacrtima stana, pa \u010dak i renderima sa izgledom zgrade u koju \u0107e biti preseljeni \u2013 ostali su u kontejnerskom naselju u Maki\u0161u.<\/p>\n<p>Sa njihovim slu\u010dajem upoznate su sve nadle\u017ene institucije, koje su izabrale da se ne bave njihovim stambenim zbrinjavanjem. Ovakvo ignorisanje njihovog zdravstvenog i socijalnog polo\u017eaja mo\u017ee da rezultira katastrofalnim posledicama, pa \u010dak i da im direktno ugrozi \u017eivot.<\/p>\n<p>U novoj epizodi podkasta Inicijative A 11 razgovaramo sa Kadrijom i Ne\u0111mijom o njihovoj svakodnevnici u ovako alarmantnim uslovima. Razgovaramo i o tome kako izgleda boriti se (jo\u0161 uvek uzaludno) za re\u0161enje svog stambenog pitanja, dok istovremeno strahujete od svake nadolaze\u0107e zime.<\/p>\n<p>Pripremili: Danilo \u0106ur\u010di\u0107 i Na\u0111a Markovi\u0107<\/p>","protected":false},"excerpt":{"rendered":"<p>Odmah nadomak Ade Ciganlije se nalazi malo kontejnersko naselje, mesto \u010diji stanari \u017eive u metalnim \u201ekutijama\u201c od po 12, 13 kvadrata. Njihovi domovi nemaju sanitarne \u010dvorove, a \u201esanitarni kontejneri\u201c koji su ranije postojali potpuno su uni\u0161teni, ili nepristupa\u010dni. Zbog toga je skoro nemogu\u0107e odr\u017eati higijenu jer ne postoje toaleti, tu\u0161evi, ni sudopere, \u0161to dodatno pogor\u0161ava&#8230;<\/p>","protected":false},"author":3,"featured_media":6618,"comment_status":"close","ping_status":"closed","sticky":false,"template":"","format":"audio","meta":{"footnotes":""},"categories":[87],"tags":[],"class_list":["post-45680","post","type-post","status-publish","format-audio","has-post-thumbnail","hentry","category-inicijativa-a11","post_format-post-format-audio"],"_links":{"self":[{"href":"https:\/\/podcast.rs\/en\/wp-json\/wp\/v2\/posts\/45680","targetHints":{"allow":["GET"]}}],"collection":[{"href":"https:\/\/podcast.rs\/en\/wp-json\/wp\/v2\/posts"}],"about":[{"href":"https:\/\/podcast.rs\/en\/wp-json\/wp\/v2\/types\/post"}],"author":[{"embeddable":true,"href":"https:\/\/podcast.rs\/en\/wp-json\/wp\/v2\/users\/3"}],"replies":[{"embeddable":true,"href":"https:\/\/podcast.rs\/en\/wp-json\/wp\/v2\/comments?post=45680"}],"version-history":[{"count":1,"href":"https:\/\/podcast.rs\/en\/wp-json\/wp\/v2\/posts\/45680\/revisions"}],"predecessor-version":[{"id":65391,"href":"https:\/\/podcast.rs\/en\/wp-json\/wp\/v2\/posts\/45680\/revisions\/65391"}],"wp:featuredmedia":[{"embeddable":true,"href":"https:\/\/podcast.rs\/en\/wp-json\/wp\/v2\/media\/6618"}],"wp:attachment":[{"href":"https:\/\/podcast.rs\/en\/wp-json\/wp\/v2\/media?parent=45680"}],"wp:term":[{"taxonomy":"category","embeddable":true,"href":"https:\/\/podcast.rs\/en\/wp-json\/wp\/v2\/categories?post=45680"},{"taxonomy":"post_tag","embeddable":true,"href":"https:\/\/podcast.rs\/en\/wp-json\/wp\/v2\/tags?post=45680"}],"curies":[{"name":"wp","href":"https:\/\/api.w.org\/{rel}","templated":true}]}}