{"id":44359,"date":"2021-09-27T08:13:18","date_gmt":"2021-09-27T06:13:18","guid":{"rendered":"https:\/\/podcast.rs\/tetke-s02e02-meth-gala\/"},"modified":"2021-09-27T08:13:18","modified_gmt":"2021-09-27T06:13:18","slug":"tetke-s02e02-meth-gala","status":"publish","type":"post","link":"https:\/\/podcast.rs\/en\/tetke-s02e02-meth-gala\/","title":{"rendered":"Tetke &#8211; S02E02 &#8211; Meth Gala"},"content":{"rendered":"<p>Prva po\u010dasna Tetka za ovu sezonu nam dolazi iz Hrvatske. Ivan a.k.a. \u0110ani Verga\u0107e, jedan od voditelja podkasta \u201eTaboore\u201d i urednik modnog bloga djanivergace.com, pre\u010de\u0161ljava sa nama aktuelnosti i komentari\u0161e ovogodi\u0161nju MET galu, njenu temu i simboliku odevnih kombinacija.<\/p>","protected":false},"excerpt":{"rendered":"<p>Prva po\u010dasna Tetka za ovu sezonu nam dolazi iz Hr\u2026<\/p>","protected":false},"author":3,"featured_media":44360,"comment_status":"","ping_status":"closed","sticky":false,"template":"","format":"standard","meta":{"page_builder":"","footnotes":""},"categories":[80],"tags":[],"class_list":["post-44359","post","type-post","status-publish","format-standard","has-post-thumbnail","hentry","category-remarker"],"_links":{"self":[{"href":"https:\/\/podcast.rs\/en\/wp-json\/wp\/v2\/posts\/44359","targetHints":{"allow":["GET"]}}],"collection":[{"href":"https:\/\/podcast.rs\/en\/wp-json\/wp\/v2\/posts"}],"about":[{"href":"https:\/\/podcast.rs\/en\/wp-json\/wp\/v2\/types\/post"}],"author":[{"embeddable":true,"href":"https:\/\/podcast.rs\/en\/wp-json\/wp\/v2\/users\/3"}],"replies":[{"embeddable":true,"href":"https:\/\/podcast.rs\/en\/wp-json\/wp\/v2\/comments?post=44359"}],"version-history":[{"count":0,"href":"https:\/\/podcast.rs\/en\/wp-json\/wp\/v2\/posts\/44359\/revisions"}],"wp:featuredmedia":[{"embeddable":true,"href":"https:\/\/podcast.rs\/en\/wp-json\/wp\/v2\/media\/44360"}],"wp:attachment":[{"href":"https:\/\/podcast.rs\/en\/wp-json\/wp\/v2\/media?parent=44359"}],"wp:term":[{"taxonomy":"category","embeddable":true,"href":"https:\/\/podcast.rs\/en\/wp-json\/wp\/v2\/categories?post=44359"},{"taxonomy":"post_tag","embeddable":true,"href":"https:\/\/podcast.rs\/en\/wp-json\/wp\/v2\/tags?post=44359"}],"curies":[{"name":"wp","href":"https:\/\/api.w.org\/{rel}","templated":true}]}}