{"id":43913,"date":"2021-09-10T20:00:00","date_gmt":"2021-09-10T18:00:00","guid":{"rendered":"https:\/\/podcast.rs\/?p=43913"},"modified":"2021-09-10T21:56:26","modified_gmt":"2021-09-10T19:56:26","slug":"epizoda-01-olivera-popovic-potpredsednica-upz-srbije","status":"publish","type":"post","link":"https:\/\/podcast.rs\/en\/epizoda-01-olivera-popovic-potpredsednica-upz-srbije\/","title":{"rendered":"Epizoda #01 OLIVERA POPOVI\u0106, potpredsednica UP\u017d Srbije"},"content":{"rendered":"<p>Dobro do\u0161li u podkast Biseri inovativnog \u017eenskog preduzetni\u0161tva Udru\u017eenja poslovnih \u017eena Srbije, seriju razgovora sa izuzetnim preduzetnicama, na\u0161im \u010dlanicama, koje vodi Tanja Peternek Aleksi\u0107.<\/p>\n<p>Njena prva sagovornica je Olivera Popovi\u0107, potpredsednica UP\u017d Srbije.<\/p>\n<p>Jedna od prvih dama u IT svetu, zapo\u010dela je svoj poslovni put u oblasti informacionih tehnologija koje \u0107e obele\u017eiti na\u0161e doba, u vreme kada su one ve\u0107ini bile potpuna nepoznanica.<\/p>\n<p>O prvim danima u firmi \u201eInformatika\u201c u mu\u0161kom IT okru\u017eenju, ulasku u preduzetni\u0161tvo i kompaniji koju je osnovala, a onda o sasvim novom po\u010detku koji je do\u0161ao sa penzionisanjem, digitalnom marketingu kojim je po\u010dela da se bavi u porodi\u010dnoj stomatolo\u0161koj ordinaciji, o balansu izme\u0111u posla i porodi\u010dnog \u017eivota, podr\u0161ci \u017eenama u preduzetni\u0161tvu koju pru\u017ea kao potpredsednica UP\u017d Srbije, kao i kroz mentoring, o &nbsp;Danu devoj\u010dica u IKT sektoru i prepoznavanju budu\u0107nosti\u2026<\/p>\n<p>U\u017eivajte u ovoj inspirativnoj pri\u010di.<\/p>","protected":false},"excerpt":{"rendered":"<p>Dobro do\u0161li u podkast Biseri inovativnog \u017eenskog preduzetni\u0161tva Udru\u017eenja poslovnih \u017eena Srbije, seriju razgovora sa izuzetnim preduzetnicama, na\u0161im \u010dlanicama, koje vodi Tanja Peternek Aleksi\u0107. Njena prva sagovornica je Olivera Popovi\u0107, potpredsednica UP\u017d Srbije. Jedna od prvih dama u IT svetu, zapo\u010dela je svoj poslovni put u oblasti informacionih tehnologija koje \u0107e obele\u017eiti na\u0161e doba, u&#8230;<\/p>","protected":false},"author":3,"featured_media":43877,"comment_status":"close","ping_status":"closed","sticky":false,"template":"","format":"audio","meta":{"footnotes":""},"categories":[337],"tags":[],"class_list":["post-43913","post","type-post","status-publish","format-audio","has-post-thumbnail","hentry","category-upsz","post_format-post-format-audio"],"_links":{"self":[{"href":"https:\/\/podcast.rs\/en\/wp-json\/wp\/v2\/posts\/43913","targetHints":{"allow":["GET"]}}],"collection":[{"href":"https:\/\/podcast.rs\/en\/wp-json\/wp\/v2\/posts"}],"about":[{"href":"https:\/\/podcast.rs\/en\/wp-json\/wp\/v2\/types\/post"}],"author":[{"embeddable":true,"href":"https:\/\/podcast.rs\/en\/wp-json\/wp\/v2\/users\/3"}],"replies":[{"embeddable":true,"href":"https:\/\/podcast.rs\/en\/wp-json\/wp\/v2\/comments?post=43913"}],"version-history":[{"count":0,"href":"https:\/\/podcast.rs\/en\/wp-json\/wp\/v2\/posts\/43913\/revisions"}],"wp:featuredmedia":[{"embeddable":true,"href":"https:\/\/podcast.rs\/en\/wp-json\/wp\/v2\/media\/43877"}],"wp:attachment":[{"href":"https:\/\/podcast.rs\/en\/wp-json\/wp\/v2\/media?parent=43913"}],"wp:term":[{"taxonomy":"category","embeddable":true,"href":"https:\/\/podcast.rs\/en\/wp-json\/wp\/v2\/categories?post=43913"},{"taxonomy":"post_tag","embeddable":true,"href":"https:\/\/podcast.rs\/en\/wp-json\/wp\/v2\/tags?post=43913"}],"curies":[{"name":"wp","href":"https:\/\/api.w.org\/{rel}","templated":true}]}}