{"id":438220,"date":"2025-09-28T19:26:47","date_gmt":"2025-09-28T17:26:47","guid":{"rendered":"https:\/\/podcast.rs\/interfon-kuda-teku-reke-bez-vode-e04\/"},"modified":"2025-09-28T19:26:47","modified_gmt":"2025-09-28T17:26:47","slug":"interfon-kuda-teku-reke-bez-vode-e04","status":"publish","type":"post","link":"https:\/\/podcast.rs\/en\/interfon-kuda-teku-reke-bez-vode-e04\/","title":{"rendered":"Interfon: Kuda teku reke bez vode? &#8211; E04"},"content":{"rendered":"<p>\u0160ta ti prvo padne na pamet kada neko spomene zaga\u0111enost reka? Tone \u0111ubreta koje se svakodnevno bacaju u njih? Kanalizacija koja se direktno izliva, bez ikakvog sistema za pre\u010di\u0161\u0107avanje? E, pa, o to je pri\u010da za posebnu epizodu koju \u0107emo ostaviti za neki drugi put. Ono o \u010demu \u0107emo danas razgovarati jesu dostupni izvori vode i male hidroelektrane. A o pravu na vodu najvi\u0161e znaju ljudi iz Polekola, organizacije koja se bavi za\u0161titom \u017eivotne sredine. Zato su na Interfon ovog puta pozvonili Iskra Krsti\u0107, nezavisna istra\u017eiva\u010dica i Strahinja Maci\u0107, pravni savetnik.<\/p>\n<\/p>\n<p>Autorka: Sne\u017eana Katunac<\/p>\n<p>Produkcija: Oblakoder magazin<\/p>\n<p>_______________________________________<\/p>\n<p>Podr\u017eite nas donacijom preko Patreona:<\/p>\n<p>Patreon: <a href=\"https:\/\/www.youtube.com\/redirect?event=video_description&amp;redir_token=QUFFLUhqbk9kUVpkYnhwVXlpbW1zYzZOS1FHTnBUc1ZaZ3xBQ3Jtc0trX3hKLVp1R19GT3gzNVJXMGtTQkNheFh6b2NCVEhwY3R5Q0E4Uk5RTFByUVJ3UUxYbWFFRDBFZnBZYUNVYUNSVU5ZNWNsN2RUUWtMU0FfSU9QSVk3NkthQjEtSWpBRHZpOFB4c3dmM0JWZXRzcU5rYw&amp;q=https%3A%2F%2Fwww.patreon.com%2Fc%2Foblakoder&amp;v=iLBotWwyS1Q\" target=\"_blank\" rel=\"ugc noopener noreferrer\">\u00a0\u00a0\/\u00a0oblakoder\u00a0\u00a0<\/a> <\/p>\n<p>Instagram: <a href=\"https:\/\/www.youtube.com\/redirect?event=video_description&amp;redir_token=QUFFLUhqbmlRNzEyZDFUVjh4eGo1WHVkUjV2VFlhcXNGd3xBQ3Jtc0ttem41bjluYXJxUmpRVDZPSk95THgzaGpPbkVTekxselN3ZzlQWU1JZUF0TkNIZGtPQndwV2ltQkhpQ0x2dHhlZ3hFRUMyVldsaFJhVkJOT2I4M3ZNS3ZFT3Exd2NyVVl1UVIxRzl2aVhDaERlbDdjOA&amp;q=https%3A%2F%2Fwww.instagram.com%2Foblakodermagazin%2F&amp;v=iLBotWwyS1Q\" target=\"_blank\" rel=\"ugc noopener noreferrer\">\u00a0\u00a0\/\u00a0oblakodermagazin\u00a0\u00a0<\/a> <\/p>\n<p>Tiktok: \/ <a href=\"https:\/\/www.youtube.com\/redirect?event=video_description&amp;redir_token=QUFFLUhqa2JJV0JJb0dDY25mTm9EVHZGOTctajRIR015Z3xBQ3Jtc0traXBFdzVpOU1jVWIwRDhmaTdld2h6WXhWNldUOURoUTYySWp5RUxrUVNvUGJmVndJd0RIcWNCU0dzazlvVTFQcVdrTW9fMHpQekJRU0JsMF9oRnBGNjVCR3lYR21wVHc2NnNEeXU5UGNuVEFwN2dpTQ&amp;q=https%3A%2F%2Fwww.tiktok.com%2F%40oblakodermagazin&amp;v=iLBotWwyS1Q\" target=\"_blank\" rel=\"ugc noopener noreferrer\">\u00a0\u00a0\/\u00a0oblakodermagazin\u00a0<\/a><\/p>\n<p><a href=\"https:\/\/www.youtube.com\/redirect?event=video_description&amp;redir_token=QUFFLUhqa2JJV0JJb0dDY25mTm9EVHZGOTctajRIR015Z3xBQ3Jtc0traXBFdzVpOU1jVWIwRDhmaTdld2h6WXhWNldUOURoUTYySWp5RUxrUVNvUGJmVndJd0RIcWNCU0dzazlvVTFQcVdrTW9fMHpQekJRU0JsMF9oRnBGNjVCR3lYR21wVHc2NnNEeXU5UGNuVEFwN2dpTQ&amp;q=https%3A%2F%2Fwww.tiktok.com%2F%40oblakodermagazin&amp;v=iLBotWwyS1Q\" target=\"_blank\" rel=\"ugc noopener noreferrer\">\u00a0<\/a>________________________________________<\/p>\n<p>Ovaj materijal objavljen je uz finansijsku pomo\u0107 Evropske unije. Za njegovu sadr\u017einu odgovoran je isklju\u010divo Oblakoder i ona ne odra\u017eava nu\u017eno stavove Evropske unije.Projekat se realizuje u okviru projekta \u201eEU Resurs centar za civilno dru\u0161tvo u Srbiji\u201c koji Beogradska otvorena \u0161kola sprovodi u partnerstvu s organizacijama civilnog dru\u0161tva: Novosadska novinarska \u0161kola, ENECA, U\u017ei\u010dki centar za prava deteta, Nova planska praksa, Sigurne staze, Mladi poljoprivrednici Srbije i me\u0111unarodnim partnerom, fondacijom Fridrih Ebert (Friedrich Ebert Stiftung).Projekat je podr\u017ean od strane Evropske unije i bi\u0107e realizovan u periodu od 2023. do 2026. godine.<\/p>","protected":false},"excerpt":{"rendered":"<p>\u0160ta ti prvo padne na pamet kada neko spomene zaga\u0111enost reka? Tone \u0111ubreta koje se svakodnevno bacaju u njih? Kanalizacija koja se direktno izliva, bez ikakvog sistema za pre\u010di\u0161\u0107avanje? E, pa, o to je pri\u010da za posebnu epizodu koju \u0107emo ostaviti za neki drugi put. Ono o \u010demu \u0107emo danas razgovarati jesu dostupni izvori vode&#8230;<\/p>","protected":false},"author":3,"featured_media":383444,"comment_status":"","ping_status":"closed","sticky":false,"template":"","format":"standard","meta":{"footnotes":""},"categories":[670],"tags":[],"class_list":["post-438220","post","type-post","status-publish","format-standard","has-post-thumbnail","hentry","category-interfon"],"_links":{"self":[{"href":"https:\/\/podcast.rs\/en\/wp-json\/wp\/v2\/posts\/438220","targetHints":{"allow":["GET"]}}],"collection":[{"href":"https:\/\/podcast.rs\/en\/wp-json\/wp\/v2\/posts"}],"about":[{"href":"https:\/\/podcast.rs\/en\/wp-json\/wp\/v2\/types\/post"}],"author":[{"embeddable":true,"href":"https:\/\/podcast.rs\/en\/wp-json\/wp\/v2\/users\/3"}],"replies":[{"embeddable":true,"href":"https:\/\/podcast.rs\/en\/wp-json\/wp\/v2\/comments?post=438220"}],"version-history":[{"count":0,"href":"https:\/\/podcast.rs\/en\/wp-json\/wp\/v2\/posts\/438220\/revisions"}],"wp:featuredmedia":[{"embeddable":true,"href":"https:\/\/podcast.rs\/en\/wp-json\/wp\/v2\/media\/383444"}],"wp:attachment":[{"href":"https:\/\/podcast.rs\/en\/wp-json\/wp\/v2\/media?parent=438220"}],"wp:term":[{"taxonomy":"category","embeddable":true,"href":"https:\/\/podcast.rs\/en\/wp-json\/wp\/v2\/categories?post=438220"},{"taxonomy":"post_tag","embeddable":true,"href":"https:\/\/podcast.rs\/en\/wp-json\/wp\/v2\/tags?post=438220"}],"curies":[{"name":"wp","href":"https:\/\/api.w.org\/{rel}","templated":true}]}}