{"id":43486,"date":"2019-12-04T00:00:00","date_gmt":"2019-12-03T22:00:00","guid":{"rendered":"https:\/\/podcast.rs\/podcast-001-srecko-horvat\/"},"modified":"2026-04-29T04:06:26","modified_gmt":"2026-04-29T02:06:26","slug":"podcast-001-srecko-horvat","status":"publish","type":"post","link":"https:\/\/podcast.rs\/en\/podcast-001-srecko-horvat\/","title":{"rendered":"Podcast 001: Sre\u0107ko Horvat"},"content":{"rendered":"<p>Skoro je otkriveno da ga je zbog njegove saradnje sa Wikilieaksom i prijateljstvom sa D\u017eulijanom Asan\u017eom prislu\u0161kivala CIA. Saradnik je sa Janisom Varufakisom, Pamelom Anderson, Slavojem \u017di\u017eekom i Noamom \u010comskim. Autor je vi\u0161e knjiga i redovni kolumnista New York Times, Al Jazeera, The Guardian i drugih. Osniva\u010d je evropskog pokreta levice DIEM25 i borac za prava uzbunjiva\u010da i o\u010duvanje \u017eivotne sredine.<br \/>\nO svemu ovome, poseti Asan\u017eu u zatvoru i budu\u0107nosti evropskih pokreta, hrvatski filozof I aktivista, Sre\u0107ko Horvat i ja razgovarali smo u mom podkastu.<\/p>\n<p>NAPOMENA: Zbog tehni\u010dkih problema podkast je malo nesre\u0107no skra\u0107en, ali \u0107u ovih dana oka\u010diti celokupan audio na sve striming servise, samo dok se sna\u0111em oko digitalne distribucije. Zato ne zamerite na malo nesre\u0107nom i naglom zavr\u0161etku. <\/p>\n<p>P.S. Slede\u0107eg puta \u0107e biti mnogo bolji mikrofoni, obe\u0107avam!<\/p>\n<p>Producent: Sandra Planojevi\u0107 Hasci-Jare<br \/>\nKamera: Goran Kova\u010devi\u0107<br \/>\nAudio: Marko Ignjatovi\u0107<br \/>\nMonta\u017ea: Milo\u0161 Kora\u0107<br \/>\nAnimacija: Vanja Vikalo (Linnch) i Nikola Petrovi\u0107 (TheArtofNikolai)<br \/>\nPR &amp; Organizacija: Sandra Planojevi\u0107 Hasci-Jare<\/p>\n<p>Za video opremu hvala: Nikola Radoji\u010di\u0107 Skubi<\/p>\n<p>Snimano na 6D i 80D<\/p>\n<p>Instagram: <\/p>\n<p>Galeb Nika\u010devi\u0107 Hasci-Jare: <a href=\"https:\/\/www.instagram.com\/agelast_\/\" rel=\"nofollow\">https:\/\/www.instagram.com\/agelast_\/<\/a><br \/>\nSandra Planojevi\u0107: <a href=\"https:\/\/www.instagram.com\/run_lola_ru\" rel=\"nofollow\">https:\/\/www.instagram.com\/run_lola_ru<\/a>&#8230;<br \/>\nGoran Kova\u010devi\u0107: <a href=\"https:\/\/www.instagram.com\/gorannac\/\" rel=\"nofollow\">https:\/\/www.instagram.com\/gorannac\/<\/a><br \/>\nMarko Ignjatovi\u0107: <a href=\"https:\/\/www.instagram.com\/stray_dogg_bg\/\" rel=\"nofollow\">https:\/\/www.instagram.com\/stray_dogg_bg\/<\/a><br \/>\nVanja Vikalo: <a href=\"https:\/\/www.instagram.com\/linnchlinnch\/\" rel=\"nofollow\">https:\/\/www.instagram.com\/linnchlinnch\/<\/a><br \/>\nNikola Petrovi\u0107: <a href=\"https:\/\/www.instagram.com\/theartofnik\" rel=\"nofollow\">https:\/\/www.instagram.com\/theartofnik<\/a>&#8230;<br \/>\nNikola Radoji\u010di\u0107 Skubi: <a href=\"https:\/\/www.instagram.com\/nikola_skubi_\/\" rel=\"nofollow\">https:\/\/www.instagram.com\/nikola_skubi_\/<\/a><br \/>\nMilo\u0161 Kora\u0107 nema instagram.<\/p>","protected":false},"excerpt":{"rendered":"<p>Skoro je otkriveno da ga je zbog njegove saradnje sa Wikilieaksom i prijateljstvom sa D\u017eulijanom Asan\u017eom prislu\u0161kivala CIA. Saradnik je sa Janisom Varufakisom, Pamelom Anderson, Slavojem \u017di\u017eekom i Noamom \u010comskim. Autor je vi\u0161e knjiga i redovni kolumnista<\/p>","protected":false},"author":3,"featured_media":393223,"comment_status":"closed","ping_status":"closed","sticky":false,"template":"","format":"standard","meta":{"footnotes":""},"categories":[27],"tags":[],"class_list":["post-43486","post","type-post","status-publish","format-standard","has-post-thumbnail","hentry","category-agelast"],"_links":{"self":[{"href":"https:\/\/podcast.rs\/en\/wp-json\/wp\/v2\/posts\/43486","targetHints":{"allow":["GET"]}}],"collection":[{"href":"https:\/\/podcast.rs\/en\/wp-json\/wp\/v2\/posts"}],"about":[{"href":"https:\/\/podcast.rs\/en\/wp-json\/wp\/v2\/types\/post"}],"author":[{"embeddable":true,"href":"https:\/\/podcast.rs\/en\/wp-json\/wp\/v2\/users\/3"}],"replies":[{"embeddable":true,"href":"https:\/\/podcast.rs\/en\/wp-json\/wp\/v2\/comments?post=43486"}],"version-history":[{"count":31,"href":"https:\/\/podcast.rs\/en\/wp-json\/wp\/v2\/posts\/43486\/revisions"}],"predecessor-version":[{"id":682351,"href":"https:\/\/podcast.rs\/en\/wp-json\/wp\/v2\/posts\/43486\/revisions\/682351"}],"wp:featuredmedia":[{"embeddable":true,"href":"https:\/\/podcast.rs\/en\/wp-json\/wp\/v2\/media\/393223"}],"wp:attachment":[{"href":"https:\/\/podcast.rs\/en\/wp-json\/wp\/v2\/media?parent=43486"}],"wp:term":[{"taxonomy":"category","embeddable":true,"href":"https:\/\/podcast.rs\/en\/wp-json\/wp\/v2\/categories?post=43486"},{"taxonomy":"post_tag","embeddable":true,"href":"https:\/\/podcast.rs\/en\/wp-json\/wp\/v2\/tags?post=43486"}],"curies":[{"name":"wp","href":"https:\/\/api.w.org\/{rel}","templated":true}]}}