{"id":422799,"date":"2025-09-24T08:45:07","date_gmt":"2025-09-24T06:45:07","guid":{"rendered":"https:\/\/podcast.rs\/?p=422799"},"modified":"2025-09-24T10:37:39","modified_gmt":"2025-09-24T08:37:39","slug":"oldie-decq-on-freedom-education-and-ai-challenges-i-odile-decq-i-ep-55","status":"publish","type":"post","link":"https:\/\/podcast.rs\/en\/oldie-decq-on-freedom-education-and-ai-challenges-i-odile-decq-i-ep-55\/","title":{"rendered":"Oldie Decq on Freedom, Education and AI Challenges I Odile Decq I EP 55"},"content":{"rendered":"<p>Velika nam je \u010dast \u0161to u goste dolazi francuska arhitektkinja, profesorka i umetnica \u2013 \u017eena \u010dije ime nosi te\u017einu ideja slobode i otpora.Odile Decq je poznata po svom neukrotivom stilu i nekonvencionalnim stavovima, a ve\u0107 decenijama pomera granice arhitekture \u2013 i fizi\u010dki i idejno. Dobitnica je brojnih me\u0111unarodnih priznanja, me\u0111u kojima se izdvajaju Jane Drew Award za doprinos osna\u017eivanju \u017eena u arhitekturi, Zlatni lav na Venecijanskom bijenalu i Architizer A+ nagrada za \u017eivotno delo, kao i po\u010dasni doktorati \u0161irom Evrope.Posebno je va\u017eno ista\u0107i da je Odile osniva\u010dica Confluence Institute for Innovation and Creative Strategies in Architecture, \u0161kole koja neguje interdisciplinarni i eksperimentalni pristup obrazovanju. U ovoj epizodi upravo na taj aspekt njene prakse stavljamo akcenat \u2013 na njenu ulogu edukatorke i na poziciju arhitekture u savremenom kontekstu, u vremenu izazova koje donosi ve\u0161ta\u010dka inteligencija.Neka od njenih najzna\u010dajnijih dela su Banque Populaire u Renu, Macro muzej u Rimu, FRAC Bretagne \u2013 centar za savremenu umetnost, kao i GL Events Centar u Lionu. To su projekti koji spajaju tehnologiju, pokret, emociju i prostor. Odile Decq ne projektuje samo zgrade \u2013 ona, kako sama isti\u010de, projektuje nove tehnolo\u0161ke mogu\u0107nosti i prostore susreta ljudi.U ovoj epizodi razgovaramo o budu\u0107nosti arhitekture i arhitektonske prakse, o ulozi arhitekata u vremenu novih tehnologija i sve ve\u0107e marginalizacije struke u javnom prostoru, kao i o zna\u010daju arhitekata kao edukatora.It is a great honor to welcome French architect, professor, and artist Odile Decq \u2013 a woman whose name carries the weight of freedom and resistance.Known for her untamed style and unconventional views, Odile Decq has been pushing the boundaries of architecture for decades \u2013 both physically and conceptually. She is the recipient of numerous international awards, including the Jane Drew Award for empowering women in architecture, the Golden Lion at the Venice Biennale, the Architizer A+ Lifetime Achievement Award, as well as honorary doctorates across Europe.It is particularly important to highlight that Odile is the founder of the Confluence Institute for Innovation and Creative Strategies in Architecture, a school that fosters an interdisciplinary and experimental approach to education. In this episode, we place a special focus on this aspect of her practice \u2013 her role as an educator and the position of architecture in the contemporary context, as we face the challenges posed by artificial intelligence.Some of her most significant works include Banque Populaire in Rennes, the Macro Museum in Rome, FRAC Bretagne \u2013 a center for contemporary art, and the GL Events Center in Lyon. These are projects that merge technology, movement, emotion, and space. Odile Decq does not simply design buildings \u2013 as she emphasizes, she designs new technological possibilities and spaces for human encounters.In this episode, we discuss the future of architecture and architectural practice, the role of architects in the age of new technologies and the increasing marginalization of the profession in the public sphere, as well as the importance of architects as educators.&#8211;KREATIVNI TIM:Autori:Miljan SalataIgor Mikiti\u0161inNemanja Da\u010di\u0107Denis Turanovi\u0107&#8230;.Voditelj i urednik: Miljan Salata&#8230;.Vizuelni identitet: Denis Turanovi\u0107&#8230;.Direktor fotografije: Nemanja Da\u010di\u0107 &#8230;.Monta\u017ea i zvuk: Luka Juki\u0107 &#8230;.Social media content: Katalina Debelja\u010dki&#8230;.Dru\u0161tvene mre\u017ee:https:\/\/linktr.ee\/sfera_podcastZABRANJENO JE SVAKO KOPIRANJE I PREUZIMANJE, U DELOVIMA ILI U CELOSTI, BEZ ODOBRENJA AUTORA I PRODUKCIJE KOJA JE VLASNIK MATERIJALA.Podcast SFERA \ud83c\udf1a<\/p>","protected":false},"excerpt":{"rendered":"<p>Velika nam je \u010dast \u0161to u goste dolazi francuska arhitektkinja, profesorka i umetnica \u2013 \u017eena \u010dije ime nosi te\u017einu ideja slobode i otpora.Odile Decq je poznata po svom neukrotivom stilu i nekonvencionalnim stavovima, a ve\u0107 decenijama pomera granice arhitekture \u2013 i fizi\u010dki i idejno. Dobitnica je brojnih me\u0111unarodnih priznanja, me\u0111u kojima se izdvajaju Jane Drew&#8230;<\/p>","protected":false},"author":3,"featured_media":69113,"comment_status":"close","ping_status":"closed","sticky":false,"template":"","format":"audio","meta":{"footnotes":""},"categories":[501],"tags":[],"class_list":["post-422799","post","type-post","status-publish","format-audio","has-post-thumbnail","hentry","category-sfera","post_format-post-format-audio"],"_links":{"self":[{"href":"https:\/\/podcast.rs\/en\/wp-json\/wp\/v2\/posts\/422799","targetHints":{"allow":["GET"]}}],"collection":[{"href":"https:\/\/podcast.rs\/en\/wp-json\/wp\/v2\/posts"}],"about":[{"href":"https:\/\/podcast.rs\/en\/wp-json\/wp\/v2\/types\/post"}],"author":[{"embeddable":true,"href":"https:\/\/podcast.rs\/en\/wp-json\/wp\/v2\/users\/3"}],"replies":[{"embeddable":true,"href":"https:\/\/podcast.rs\/en\/wp-json\/wp\/v2\/comments?post=422799"}],"version-history":[{"count":1,"href":"https:\/\/podcast.rs\/en\/wp-json\/wp\/v2\/posts\/422799\/revisions"}],"predecessor-version":[{"id":422800,"href":"https:\/\/podcast.rs\/en\/wp-json\/wp\/v2\/posts\/422799\/revisions\/422800"}],"wp:featuredmedia":[{"embeddable":true,"href":"https:\/\/podcast.rs\/en\/wp-json\/wp\/v2\/media\/69113"}],"wp:attachment":[{"href":"https:\/\/podcast.rs\/en\/wp-json\/wp\/v2\/media?parent=422799"}],"wp:term":[{"taxonomy":"category","embeddable":true,"href":"https:\/\/podcast.rs\/en\/wp-json\/wp\/v2\/categories?post=422799"},{"taxonomy":"post_tag","embeddable":true,"href":"https:\/\/podcast.rs\/en\/wp-json\/wp\/v2\/tags?post=422799"}],"curies":[{"name":"wp","href":"https:\/\/api.w.org\/{rel}","templated":true}]}}