{"id":422797,"date":"2025-09-24T08:48:35","date_gmt":"2025-09-24T06:48:35","guid":{"rendered":"https:\/\/podcast.rs\/?p=422797"},"modified":"2025-09-24T10:37:38","modified_gmt":"2025-09-24T08:37:38","slug":"rasplitanje-i-paviljon-srbije-u-veneciji-i-davor-eres-i-jelena-mitrovic-i-podcast-sfera-i-ep-56","status":"publish","type":"post","link":"https:\/\/podcast.rs\/en\/rasplitanje-i-paviljon-srbije-u-veneciji-i-davor-eres-i-jelena-mitrovic-i-podcast-sfera-i-ep-56\/","title":{"rendered":"RASPLITANJE I Paviljon Srbije u Veneciji I Davor Ere\u0161 i Jelena Mitrovi\u0107 I Podcast SFERA I EP 56"},"content":{"rendered":"<p>Venecijansko bijenale jedna je od najpresti\u017enijih globalnih manifestacija umetnosti i arhitekture, koje se smenjuju svake godine, pokre\u0107u\u0107i uvek nove teme i okupljaju\u0107i najistaknutije stvaraoce iz razli\u010ditih oblasti.Ove godine, paviljon Republike Srbije, pod kustoskim vo\u0111stvom Slobodana Jovi\u0107a i autorskim timom koji \u010dine Davor Ere\u0161, Jelena Mitrovi\u0107, Igor Panti\u0107, Sonja Krsti\u0107, Ivana Najdanovi\u0107 i Petar Lau\u0161evi\u0107, sa saradnicima, doneo je jedinstven koncept koji je privukao veliku pa\u017enju kako publike, tako i stru\u010dne javnosti. Publika najpoznatijeg arhitektonskog portala ArchDaily proglasila je upravo srpski paviljon za najbolji paviljon ovogodi\u0161njeg Bijenala arhitekture.Izlo\u017ebeni projekat pod nazivom \u201eRasplitanje: Novi prostori\u201c nudi vi\u0161e od same arhitektonske forme. U svetu koji se neprestano rekonfiguri\u0161e pod globalnim izazovima \u2013 klimatskim promenama, ekonomskim nestabilnostima, sve ve\u0107im socijalnim razlikama, migracijama i ubrzanim razvojem ve\u0161ta\u010dke inteligencije \u2013 ovaj projekat nudi sna\u017ean odgovor na pitanje koja mo\u017ee biti uloga arhitektonskog znanja u razumevanju i oblikovanju novih pristupa praksi.Jedna od klju\u010dnih tema koju Karlo Rati, kustos ovogodi\u0161njeg Bijenala, isti\u010de jeste potreba da arhitektonska praksa prona\u0111e na\u010dine adaptacije na nove uslove i podstakne princip cirkularnosti.U tom duhu, izlo\u017ebeni projekat \u201eRasplitanje: Novi prostori\u201c kroz svoju kineti\u010dko-temporalnu, pletenu strukturu koja se rasparava i vra\u0107a u klupka vune \u2014 od kojih mogu nastati nove forme \u2014 zagovara ideju cikli\u010dnog komponovanja i dekomponovanja materijalnosti i forme. Nakon zavr\u0161etka izlo\u017ebe, struktura se u potpunosti raspli\u0107e u 125 kalema vune, \u010dime se primarna materijalnost transformi\u0161e u potencijal za nove prostore.Na\u0161i dana\u0161nji sagovornici su Davor Ere\u0161 i Jelena Mitrovi\u0107 \u2013 arhitektonski duo studija Poligon, bili su deo interdisciplinarnog autorskog tima koji je u\u010destvovao u koncipiranju i realizaciji izlo\u017ebe srpskog paviljona u Veneciji.Davor Ere\u0161 je arhitekta i istra\u017eiva\u010d, osniva\u010d studija Poligon. Njegov rad obuhvata arhitektonsko projektovanje, edukaciju i istra\u017eivanje, sa fokusom na u\u010denje kroz arhitekturu, (post)produkciju arhitekture i pitanja savremenosti. Kao gostuju\u0107i predava\u010d anga\u017eovan je na Confluence \u2013 Institutu za inovaciju i kreativne strategije u arhitekturi u Parizu. Kroz me\u0111unarodne radionice koje je vodio u Kadi\u0161u, Helsinkiju, Valeti, Teheranu, Lionu i Veneciji, razvija i uslo\u017enjava sopstvenu arhitektonsku metodologiju.Jelena Mitrovi\u0107, doktorka arhitekture, tako\u0111e je osniva\u010dica studija Poligon. Njeno teorijsko istra\u017eivanje fokusira se na teoriju arhitektonske prakse, uklju\u010duju\u0107i teme iz njene doktorske disertacije pod naslovom \u201eNedoslednost pozicije modernisti\u010dkog arhitekte u praksi 21. veka\u201c. U\u010destvovala je na brojnim me\u0111unarodnim izlo\u017ebama i sara\u0111ivala sa vi\u0161e arhitektonskih biroa. Trenutno je docentkinja na Univerzitetu Union \u2013 Nikola Tesla i spoljna saradnica MITarh studija u Beogradu.U\u017eivajte!&#8230;.KREATIVNI TIM:Autori:Miljan SalataIgor Mikiti\u0161inNemanja Da\u010di\u0107Denis Turanovi\u0107&#8230;.Voditelj i urednik: Miljan Salata&#8230;.Vizuelni identitet: Denis Turanovi\u0107&#8230;.Direktor fotografije: Nemanja Da\u010di\u0107 &#8230;.Monta\u017ea i zvuk: Luka Juki\u0107 &#8230;.Social media content: Katalina Debelja\u010dki&#8230;.Dru\u0161tvene mre\u017ee:https:\/\/linktr.ee\/sfera_podcastZABRANJENO JE SVAKO KOPIRANJE I PREUZIMANJE, U DELOVIMA ILI U CELOSTI, BEZ ODOBRENJA AUTORA I PRODUKCIJE KOJA JE VLASNIK MATERIJALA.Podcast SFERA \ud83c\udf1a<\/p>","protected":false},"excerpt":{"rendered":"<p>Venecijansko bijenale jedna je od najpresti\u017enijih globalnih manifestacija umetnosti i arhitekture, koje se smenjuju svake godine, pokre\u0107u\u0107i uvek nove teme i okupljaju\u0107i najistaknutije stvaraoce iz razli\u010ditih oblasti.Ove godine, paviljon Republike Srbije, pod kustoskim vo\u0111stvom Slobodana Jovi\u0107a i autorskim timom koji \u010dine Davor Ere\u0161, Jelena Mitrovi\u0107, Igor Panti\u0107, Sonja Krsti\u0107, Ivana Najdanovi\u0107 i Petar Lau\u0161evi\u0107, sa&#8230;<\/p>","protected":false},"author":3,"featured_media":69113,"comment_status":"close","ping_status":"closed","sticky":false,"template":"","format":"audio","meta":{"footnotes":""},"categories":[501],"tags":[],"class_list":["post-422797","post","type-post","status-publish","format-audio","has-post-thumbnail","hentry","category-sfera","post_format-post-format-audio"],"_links":{"self":[{"href":"https:\/\/podcast.rs\/en\/wp-json\/wp\/v2\/posts\/422797","targetHints":{"allow":["GET"]}}],"collection":[{"href":"https:\/\/podcast.rs\/en\/wp-json\/wp\/v2\/posts"}],"about":[{"href":"https:\/\/podcast.rs\/en\/wp-json\/wp\/v2\/types\/post"}],"author":[{"embeddable":true,"href":"https:\/\/podcast.rs\/en\/wp-json\/wp\/v2\/users\/3"}],"replies":[{"embeddable":true,"href":"https:\/\/podcast.rs\/en\/wp-json\/wp\/v2\/comments?post=422797"}],"version-history":[{"count":1,"href":"https:\/\/podcast.rs\/en\/wp-json\/wp\/v2\/posts\/422797\/revisions"}],"predecessor-version":[{"id":422798,"href":"https:\/\/podcast.rs\/en\/wp-json\/wp\/v2\/posts\/422797\/revisions\/422798"}],"wp:featuredmedia":[{"embeddable":true,"href":"https:\/\/podcast.rs\/en\/wp-json\/wp\/v2\/media\/69113"}],"wp:attachment":[{"href":"https:\/\/podcast.rs\/en\/wp-json\/wp\/v2\/media?parent=422797"}],"wp:term":[{"taxonomy":"category","embeddable":true,"href":"https:\/\/podcast.rs\/en\/wp-json\/wp\/v2\/categories?post=422797"},{"taxonomy":"post_tag","embeddable":true,"href":"https:\/\/podcast.rs\/en\/wp-json\/wp\/v2\/tags?post=422797"}],"curies":[{"name":"wp","href":"https:\/\/api.w.org\/{rel}","templated":true}]}}