{"id":41105,"date":"2021-06-26T13:14:55","date_gmt":"2021-06-26T11:14:55","guid":{"rendered":"https:\/\/podcast.rs\/?p=41105"},"modified":"2021-06-26T16:49:52","modified_gmt":"2021-06-26T14:49:52","slug":"011-kako-pokrenuti-uspesnu-marketing-agenciju-od-nule-dejan-randjic","status":"publish","type":"post","link":"https:\/\/podcast.rs\/en\/011-kako-pokrenuti-uspesnu-marketing-agenciju-od-nule-dejan-randjic\/","title":{"rendered":"#011 Kako pokrenuti uspe\u0161nu marketing agenciju od nule | Dejan Ran\u0111i\u0107"},"content":{"rendered":"<p>Dejan Ran\u0111i\u0107 je preko 20 godina u preduzetni\u0161tvu, aktivan kao konsultant i mentor u velikom broju inicijativa koje se ti\u010du podsticaja i razvoja preduzetni\u0161tva, inovacija i startup projekata.&nbsp;<\/p>\n<p>Direktor je agencije za integrisane marketin\u0161ke komunikacije DNA Communications. &nbsp;Osniva\u010d i generalni direktor ICT Hub-a, centra za razvoj tehnolo\u0161kog preduzetni\u0161tva i inovacija. \u010clan upravnog odbora Srpske Asocijacije Menad\u017eera.<\/p>\n<p><\/p>\n<p>Youtube epizoda: <a href=\"https:\/\/www.youtube.com\/c\/BiznisPri%C4%8De\" rel=\"nofollow\">https:\/\/youtu.be\/DzSxFelbymI<\/a><\/p>\n<p>Voditelj: Vladimir Stankovi\u0107 Vladsdigital <a href=\"https:\/\/www.youtube.com\/redirect?event=video_description&amp;redir_token=QUFFLUhqazUxd2RHZW5Db1RvMElEdUY1bnY0bldmYVM1Z3xBQ3Jtc0tuRzdFck5wT3h3UmtibzFFd0pnOC01Z0plTXBjV1hKc0ZJWi1fMTV6TElKZnBOclBSWjloc3Fsc3RwNTFvRGc0dXdkTjFwNmpaRktHUVMtVjRZdFh0NDlHUWdZZ01CbXZJZm50eWxEdzYwVk9XMVdNYw&amp;q=https%3A%2F%2Fwww.instagram.com%2Fvladsdigital%2F\" rel=\"nofollow noopener\" target=\"_blank\">https:\/\/www.instagram.com\/vladsdigital\/<\/a>&nbsp;<\/p>\n<p>10% popusta uz kupon <strong>BIZNISPRICE<\/strong> &nbsp;za Kurs &#8222;Sve tajne instagram marketinga&#8220; <a href=\"https:\/\/www.youtube.com\/redirect?event=video_description&amp;redir_token=QUFFLUhqa3R5TzZ6NHJzMjM5X0JtMlVMdXRxSUNrTDRkd3xBQ3Jtc0tsQ29mLXpJQnNmWlJZZG81N3FKWnJNbDB0N09Ud3U0cnJTQ2t3c3ZUcXB6RmVTZUVQZHUzRXlrcG5aQjlzMFBEQlAtTENEUkdFaERLR0Q2dGd3OUVtQk9MR0tIMnVkRU5CSjZQZWVabHI0S1BDSVpvYw&amp;q=https%3A%2F%2Fbit.ly%2F2Zab6aK\" rel=\"nofollow noopener\" target=\"_blank\">https:\/\/bit.ly\/2Zab6aK<\/a> &nbsp;<\/p>\n<p><\/p>","protected":false},"excerpt":{"rendered":"<p>Dejan Ran\u0111i\u0107 je preko 20 godina u preduzetni\u0161tvu, aktivan kao konsultant i mentor u velikom broju inicijativa koje se ti\u010du podsticaja i razvoja preduzetni\u0161tva, inovacija i startup projekata.&nbsp; Direktor je agencije za integrisane marketin\u0161ke komunikacije DNA Communications. &nbsp;Osniva\u010d i generalni direktor ICT Hub-a, centra za razvoj tehnolo\u0161kog preduzetni\u0161tva i inovacija. \u010clan upravnog odbora Srpske Asocijacije&#8230;<\/p>","protected":false},"author":3,"featured_media":40489,"comment_status":"close","ping_status":"closed","sticky":false,"template":"","format":"audio","meta":{"footnotes":""},"categories":[209],"tags":[],"class_list":["post-41105","post","type-post","status-publish","format-audio","has-post-thumbnail","hentry","category-biznis-price","post_format-post-format-audio"],"_links":{"self":[{"href":"https:\/\/podcast.rs\/en\/wp-json\/wp\/v2\/posts\/41105","targetHints":{"allow":["GET"]}}],"collection":[{"href":"https:\/\/podcast.rs\/en\/wp-json\/wp\/v2\/posts"}],"about":[{"href":"https:\/\/podcast.rs\/en\/wp-json\/wp\/v2\/types\/post"}],"author":[{"embeddable":true,"href":"https:\/\/podcast.rs\/en\/wp-json\/wp\/v2\/users\/3"}],"replies":[{"embeddable":true,"href":"https:\/\/podcast.rs\/en\/wp-json\/wp\/v2\/comments?post=41105"}],"version-history":[{"count":0,"href":"https:\/\/podcast.rs\/en\/wp-json\/wp\/v2\/posts\/41105\/revisions"}],"wp:featuredmedia":[{"embeddable":true,"href":"https:\/\/podcast.rs\/en\/wp-json\/wp\/v2\/media\/40489"}],"wp:attachment":[{"href":"https:\/\/podcast.rs\/en\/wp-json\/wp\/v2\/media?parent=41105"}],"wp:term":[{"taxonomy":"category","embeddable":true,"href":"https:\/\/podcast.rs\/en\/wp-json\/wp\/v2\/categories?post=41105"},{"taxonomy":"post_tag","embeddable":true,"href":"https:\/\/podcast.rs\/en\/wp-json\/wp\/v2\/tags?post=41105"}],"curies":[{"name":"wp","href":"https:\/\/api.w.org\/{rel}","templated":true}]}}