{"id":41002,"date":"2021-06-23T22:16:00","date_gmt":"2021-06-23T20:16:00","guid":{"rendered":"https:\/\/podcast.rs\/?p=41002"},"modified":"2021-06-24T01:24:29","modified_gmt":"2021-06-23T23:24:29","slug":"ne-postoji-balkanska-posebnost-juni-lipanj-23-2021","status":"publish","type":"post","link":"https:\/\/podcast.rs\/en\/ne-postoji-balkanska-posebnost-juni-lipanj-23-2021\/","title":{"rendered":"\u2018Ne postoji balkanska posebnost&#039; &#8211; juni\/lipanj 23, 2021"},"content":{"rendered":"<p>\u201cNe postoji balkanska posebnost,\u201d ka\u017ee za RSE Mari \u017danin \u010cali\u0107, profesorka Univerziteta u Minhenu povodom 30 godina od raspada Jugoslavije. <\/p>\n<p>\u201cDubravka Stojanovi\u0107 je  napisala da zbivanja u Evropi u velikoj meri podse\u0107aju na to \u0161to se dogodilo u Jugoslaviji tokom 1980-ih, pre svega u Srbiji, sa ja\u010danjem nacionalizma i populizma. To zna\u010di da su procesi u Srbiji samo prethodili onome \u0161to \u0107e se kasnije dogoditi na Zapadu, \u0161to je uznemiravaju\u0107e.<br \/>\nDakle, to \u0161to se desilo u Jugoslaviji mogu\u0107e je verovatno i drugde,\u201d isti\u010de \u010cali\u0107.<\/p>\n<p>Povodom 30 godina od raspada Jugoslavije u posebnom izdanju podcasta \u2018Izme\u0111u redova\u2019 donosimo razgovor Dragana \u0160tavljanina sa Mari \u017danin \u010cali\u0107 profesorkom Univerziteta u Minhenu i Susan Woodward profesorkom Univerziteta u New Yorku.<\/p>","protected":false},"excerpt":{"rendered":"<p>\u201cNe postoji balkanska posebnost,\u201d ka\u017ee za RSE Mari \u017danin \u010cali\u0107, profesorka Univerziteta u Minhenu povodom 30 godina od raspada Jugoslavije. \u201cDubravka Stojanovi\u0107 je napisala da zbivanja u Evropi u velikoj meri podse\u0107aju na to \u0161to se dogodilo u Jugoslaviji tokom 1980-ih, pre svega u Srbiji, sa ja\u010danjem nacionalizma i populizma. To zna\u010di da su procesi&#8230;<\/p>","protected":false},"author":3,"featured_media":26186,"comment_status":"close","ping_status":"closed","sticky":false,"template":"","format":"audio","meta":{"footnotes":""},"categories":[207],"tags":[],"class_list":["post-41002","post","type-post","status-publish","format-audio","has-post-thumbnail","hentry","category-izmedju-redova","post_format-post-format-audio"],"_links":{"self":[{"href":"https:\/\/podcast.rs\/en\/wp-json\/wp\/v2\/posts\/41002","targetHints":{"allow":["GET"]}}],"collection":[{"href":"https:\/\/podcast.rs\/en\/wp-json\/wp\/v2\/posts"}],"about":[{"href":"https:\/\/podcast.rs\/en\/wp-json\/wp\/v2\/types\/post"}],"author":[{"embeddable":true,"href":"https:\/\/podcast.rs\/en\/wp-json\/wp\/v2\/users\/3"}],"replies":[{"embeddable":true,"href":"https:\/\/podcast.rs\/en\/wp-json\/wp\/v2\/comments?post=41002"}],"version-history":[{"count":0,"href":"https:\/\/podcast.rs\/en\/wp-json\/wp\/v2\/posts\/41002\/revisions"}],"wp:featuredmedia":[{"embeddable":true,"href":"https:\/\/podcast.rs\/en\/wp-json\/wp\/v2\/media\/26186"}],"wp:attachment":[{"href":"https:\/\/podcast.rs\/en\/wp-json\/wp\/v2\/media?parent=41002"}],"wp:term":[{"taxonomy":"category","embeddable":true,"href":"https:\/\/podcast.rs\/en\/wp-json\/wp\/v2\/categories?post=41002"},{"taxonomy":"post_tag","embeddable":true,"href":"https:\/\/podcast.rs\/en\/wp-json\/wp\/v2\/tags?post=41002"}],"curies":[{"name":"wp","href":"https:\/\/api.w.org\/{rel}","templated":true}]}}