{"id":403919,"date":"2025-09-18T14:23:30","date_gmt":"2025-09-18T12:23:30","guid":{"rendered":"https:\/\/podcast.rs\/ako-internet-nestane-svet-bez-mreze\/"},"modified":"2025-09-18T14:23:30","modified_gmt":"2025-09-18T12:23:30","slug":"ako-internet-nestane-svet-bez-mreze","status":"publish","type":"post","link":"https:\/\/podcast.rs\/en\/ako-internet-nestane-svet-bez-mreze\/","title":{"rendered":"Ako internet nestane: svet bez mre\u017ee"},"content":{"rendered":"<p>\ud83c\udfa7 Ako internet nestane: svet bez mre\u017ee | TeleSrbija podcast \ud83c\udfa7 <\/p>\n<p>\u0160ta bi se desilo kada bismo se jednog jutra probudili i shvatili da interneta vi\u0161e nema? U ovoj epizodi Telesrbija podkasta razgovaramo o tome kako bi izgledao svet bez mre\u017ee koja povezuje ljude, poslove i \u010ditave ekonomije. <\/p>\n<p>Pitanje nije samo kako bismo komunicirali, ve\u0107 i kako bi funkcionisali klju\u010dni sistemi \u2013 od bankarstva i zdravstva, preko obrazovanja, pa sve do globalne trgovine i politike. <\/p>\n<p>Analiziramo koliko smo zaista zavisni od digitalne povezanosti, koje alternative bi mogle postojati i da li bismo se vratili na &#8222;stare&#8220; na\u010dine funkcionisanja ili stvorili potpuno nove oblike komunikacije i saradnje. <\/p>\n<p>Pridru\u017ei nam se u zami\u0161ljanju sveta bez interneta \u2013 i otkrij koliko bi tvoj \u017eivot bio druga\u010diji.<\/p>","protected":false},"excerpt":{"rendered":"<p>\ud83c\udfa7 Ako internet nestane: svet bez mre\u017ee | TeleSrbija podcast \ud83c\udfa7 \u0160ta bi se desilo kada bismo se jednog jutra probudili i shvatili da interneta vi\u0161e nema? U ovoj epizodi Telesrbija podkasta razgovaramo o tome kako bi izgledao svet bez mre\u017ee koja povezuje ljude, poslove i \u010ditave ekonomije. Pitanje nije samo kako bismo komunicirali, ve\u0107&#8230;<\/p>","protected":false},"author":4,"featured_media":113407,"comment_status":"","ping_status":"closed","sticky":false,"template":"","format":"standard","meta":{"footnotes":""},"categories":[611],"tags":[],"class_list":["post-403919","post","type-post","status-publish","format-standard","has-post-thumbnail","hentry","category-telesrbija"],"_links":{"self":[{"href":"https:\/\/podcast.rs\/en\/wp-json\/wp\/v2\/posts\/403919","targetHints":{"allow":["GET"]}}],"collection":[{"href":"https:\/\/podcast.rs\/en\/wp-json\/wp\/v2\/posts"}],"about":[{"href":"https:\/\/podcast.rs\/en\/wp-json\/wp\/v2\/types\/post"}],"author":[{"embeddable":true,"href":"https:\/\/podcast.rs\/en\/wp-json\/wp\/v2\/users\/4"}],"replies":[{"embeddable":true,"href":"https:\/\/podcast.rs\/en\/wp-json\/wp\/v2\/comments?post=403919"}],"version-history":[{"count":0,"href":"https:\/\/podcast.rs\/en\/wp-json\/wp\/v2\/posts\/403919\/revisions"}],"wp:featuredmedia":[{"embeddable":true,"href":"https:\/\/podcast.rs\/en\/wp-json\/wp\/v2\/media\/113407"}],"wp:attachment":[{"href":"https:\/\/podcast.rs\/en\/wp-json\/wp\/v2\/media?parent=403919"}],"wp:term":[{"taxonomy":"category","embeddable":true,"href":"https:\/\/podcast.rs\/en\/wp-json\/wp\/v2\/categories?post=403919"},{"taxonomy":"post_tag","embeddable":true,"href":"https:\/\/podcast.rs\/en\/wp-json\/wp\/v2\/tags?post=403919"}],"curies":[{"name":"wp","href":"https:\/\/api.w.org\/{rel}","templated":true}]}}