{"id":401722,"date":"2025-09-04T08:00:25","date_gmt":"2025-09-04T06:00:25","guid":{"rendered":"https:\/\/podcast.rs\/internet-otvorena-mreza-ili-fragmentisana-stvarnost\/"},"modified":"2025-09-04T08:00:25","modified_gmt":"2025-09-04T06:00:25","slug":"internet-otvorena-mreza-ili-fragmentisana-stvarnost","status":"publish","type":"post","link":"https:\/\/podcast.rs\/en\/internet-otvorena-mreza-ili-fragmentisana-stvarnost\/","title":{"rendered":"Internet: otvorena mre\u017ea ili fragmentisana stvarnost?"},"content":{"rendered":"<p>\ud83c\udfa7 Internet: otvorena mre\u017ea ili fragmentisana stvarnost? | TeleSrbija podcast \ud83c\udfa7<\/p>\n<p>U ovoj epizodi Telesrbija podkasta ugostili smo \u017deljku Desiree Milo\u0161evi\u0107, istaknutu stru\u010dnjakinju za internet i digitalna pitanja, \u010dlanicu UN IGF Multistakeholder Advisory Group, ko-predsednicu RIPE NCC Coop WG, \u010dlana ICANN GNSO saveta i predsednicu Internet Society of Serbia \u2013 danas posve\u0107enu ulozi Internet public servant. <\/p>\n<p>Razgovaramo o po\u010decima interneta jo\u0161 od 90-ih godina, otkrivamo da li internet zaista funkcioni\u0161e kao otvorena mre\u017ea i pri\u010damo o njegovim temeljnim slojevima \u2013 koji od njih je najugro\u017eeniji i \u0161ta zna\u010di poverenje na internetu. <\/p>\n<p>Diskutujemo ko je odgovoran za o\u010duvanje poverenja, kako razli\u010dite vizije dr\u017eava i kompanija oblikuju sudbinu interneta i kakve posledice to ima za krajnje korisnike. <\/p>\n<p>Osim toga, analiziramo fragmentaciju interneta, uticaj ve\u0161ta\u010dke inteligencije na digitalno poverenje i ulogu svetske regulative u odr\u017eavanju stabilne i bezbedne mre\u017ee. <\/p>\n<p>Pridru\u017ei nam se u razgovoru koji razja\u0161njava kompleksne aspekte interneta, od njegovih tehni\u010dkih slojeva do globalnih politika i izazova budu\u0107nosti.<\/p>","protected":false},"excerpt":{"rendered":"<p>\ud83c\udfa7 Internet: otvorena mre\u017ea ili fragmentisana stvarnost? | TeleSrbija podcast \ud83c\udfa7 U ovoj epizodi Telesrbija podkasta ugostili smo \u017deljku Desiree Milo\u0161evi\u0107, istaknutu stru\u010dnjakinju za internet i digitalna pitanja, \u010dlanicu UN IGF Multistakeholder Advisory Group, ko-predsednicu RIPE NCC Coop WG, \u010dlana ICANN GNSO saveta i predsednicu Internet Society of Serbia \u2013 danas posve\u0107enu ulozi Internet public&#8230;<\/p>","protected":false},"author":4,"featured_media":113407,"comment_status":"","ping_status":"closed","sticky":false,"template":"","format":"standard","meta":{"footnotes":""},"categories":[611],"tags":[],"class_list":["post-401722","post","type-post","status-publish","format-standard","has-post-thumbnail","hentry","category-telesrbija"],"_links":{"self":[{"href":"https:\/\/podcast.rs\/en\/wp-json\/wp\/v2\/posts\/401722","targetHints":{"allow":["GET"]}}],"collection":[{"href":"https:\/\/podcast.rs\/en\/wp-json\/wp\/v2\/posts"}],"about":[{"href":"https:\/\/podcast.rs\/en\/wp-json\/wp\/v2\/types\/post"}],"author":[{"embeddable":true,"href":"https:\/\/podcast.rs\/en\/wp-json\/wp\/v2\/users\/4"}],"replies":[{"embeddable":true,"href":"https:\/\/podcast.rs\/en\/wp-json\/wp\/v2\/comments?post=401722"}],"version-history":[{"count":0,"href":"https:\/\/podcast.rs\/en\/wp-json\/wp\/v2\/posts\/401722\/revisions"}],"wp:featuredmedia":[{"embeddable":true,"href":"https:\/\/podcast.rs\/en\/wp-json\/wp\/v2\/media\/113407"}],"wp:attachment":[{"href":"https:\/\/podcast.rs\/en\/wp-json\/wp\/v2\/media?parent=401722"}],"wp:term":[{"taxonomy":"category","embeddable":true,"href":"https:\/\/podcast.rs\/en\/wp-json\/wp\/v2\/categories?post=401722"},{"taxonomy":"post_tag","embeddable":true,"href":"https:\/\/podcast.rs\/en\/wp-json\/wp\/v2\/tags?post=401722"}],"curies":[{"name":"wp","href":"https:\/\/api.w.org\/{rel}","templated":true}]}}