{"id":401655,"date":"2025-09-11T22:10:00","date_gmt":"2025-09-11T20:10:00","guid":{"rendered":"https:\/\/podcast.rs\/novi-sindikati-na-fakultetima-klasa-kriza-i-drzava\/"},"modified":"2025-09-11T22:10:00","modified_gmt":"2025-09-11T20:10:00","slug":"novi-sindikati-na-fakultetima-klasa-kriza-i-drzava","status":"publish","type":"post","link":"https:\/\/podcast.rs\/en\/novi-sindikati-na-fakultetima-klasa-kriza-i-drzava\/","title":{"rendered":"Novi sindikati na fakultetima. Klasa, kriza i dr\u017eava"},"content":{"rendered":"<p>Nakon pregleda najva\u017enijih vesti iz protekle nedelje, u rubrici Pogon slu\u0161ate prvi deo intervjua sa predstavnicima novog granskog sindikata visoko\u0161kolskih institucija u osnivanju u Novom Sadu o razlozima organizovanja i problemima na njihovim radnim mestima. U rubrici \u010citaonica govorimo o knjizi Erika Olina Rajta, Klasa, kriza i dr\u017eava.<\/p>\n<p>0:00 &#8211; Intro<\/p>\n<p>00:29 &#8211; Tizer<\/p>\n<p>01:05 &#8211; Najava ptiloga<\/p>\n<p>01:28 &#8211; Politi\u010dki pregled<\/p>\n<p>04:35 &#8211; Otvoreni programi<\/p>\n<p>05:17 &#8211; Pogon<\/p>\n<p>37:19 &#8211; Na\u0161e aktivnosti<\/p>\n<p>38:04 &#8211; Patreon<\/p>\n<p>38:25 &#8211; \u010citaonica<\/p>\n<p>01:04:49 &#8211; Outro<\/p>","protected":false},"excerpt":{"rendered":"<p>Nakon pregleda najva\u017enijih vesti iz protekle nedelje, u rubrici Pogon slu\u0161ate prvi deo intervjua sa predstavnicima novog granskog sindikata visoko\u0161kolskih institucija u osnivanju u Novom Sadu o razlozima organizovanja i problemima na njihovim radnim mestima. U rubrici \u010citaonica govorimo o knjizi Erika Olina Rajta, Klasa, kriza i dr\u017eava. 0:00 &#8211; Intro 00:29 &#8211; Tizer 01:05&#8230;<\/p>","protected":false},"author":3,"featured_media":40534,"comment_status":"","ping_status":"closed","sticky":false,"template":"","format":"standard","meta":{"footnotes":""},"categories":[306],"tags":[],"class_list":["post-401655","post","type-post","status-publish","format-standard","has-post-thumbnail","hentry","category-radnicki-glas"],"_links":{"self":[{"href":"https:\/\/podcast.rs\/en\/wp-json\/wp\/v2\/posts\/401655","targetHints":{"allow":["GET"]}}],"collection":[{"href":"https:\/\/podcast.rs\/en\/wp-json\/wp\/v2\/posts"}],"about":[{"href":"https:\/\/podcast.rs\/en\/wp-json\/wp\/v2\/types\/post"}],"author":[{"embeddable":true,"href":"https:\/\/podcast.rs\/en\/wp-json\/wp\/v2\/users\/3"}],"replies":[{"embeddable":true,"href":"https:\/\/podcast.rs\/en\/wp-json\/wp\/v2\/comments?post=401655"}],"version-history":[{"count":0,"href":"https:\/\/podcast.rs\/en\/wp-json\/wp\/v2\/posts\/401655\/revisions"}],"wp:featuredmedia":[{"embeddable":true,"href":"https:\/\/podcast.rs\/en\/wp-json\/wp\/v2\/media\/40534"}],"wp:attachment":[{"href":"https:\/\/podcast.rs\/en\/wp-json\/wp\/v2\/media?parent=401655"}],"wp:term":[{"taxonomy":"category","embeddable":true,"href":"https:\/\/podcast.rs\/en\/wp-json\/wp\/v2\/categories?post=401655"},{"taxonomy":"post_tag","embeddable":true,"href":"https:\/\/podcast.rs\/en\/wp-json\/wp\/v2\/tags?post=401655"}],"curies":[{"name":"wp","href":"https:\/\/api.w.org\/{rel}","templated":true}]}}