{"id":401321,"date":"2025-09-04T11:41:54","date_gmt":"2025-09-04T09:41:54","guid":{"rendered":"https:\/\/podcast.rs\/?p=401321"},"modified":"2025-09-04T12:38:14","modified_gmt":"2025-09-04T10:38:14","slug":"mentalitet-sampiona-kari-pesic-o-pobedi-timu-i-liderstvu","status":"publish","type":"post","link":"https:\/\/podcast.rs\/en\/mentalitet-sampiona-kari-pesic-o-pobedi-timu-i-liderstvu\/","title":{"rendered":"Mentalitet \u0161ampiona: Kari Pe\u0161i\u0107 o pobedi, timu i liderstvu"},"content":{"rendered":"<p>Predavanje Svetislaav Kari Pe\u0161i\u0107a na Konferenciji Biznis Pri\u010de 2025.Svetislav &#8222;Kari&#8220; Pe\u0161i\u0107 ro\u0111en je 28. avgusta 1949. godine u Novom Sadu, a odrastao je u Pirotu, gde je zapo\u010deo svoju ko\u0161arka\u0161ku karijeru. Kao igra\u010d, nastupao je za KK Pirot (1964\u20131967), Partizan (1967\u20131971) i Bosnu (1971\u20131979). Sa Bosnom je osvojio Prvenstvo Jugoslavije i Kup Jugoslavije 1978. godine, kao i Kup evropskih \u0161ampiona 1979. godine.Trenersku karijeru zapo\u010deo je u KK Bosna 1982. godine, gde je osvojio Prvenstvo Jugoslavije 1983. i Kup Jugoslavije 1984. godine. Kao selektor mla\u0111ih kategorija reprezentacije Jugoslavije, osvojio je kadetsko Evropsko prvenstvo 1985, juniorsko Evropsko prvenstvo 1986. i Svetsko prvenstvo za juniore 1987. godine.Od 1987. do 1993. godine bio je selektor reprezentacije Nema\u010dke, s kojom je osvojio Evropsko prvenstvo 1993. godine. Kao selektor reprezentacije SR Jugoslavije, osvojio je Evropsko prvenstvo 2001. i Svetsko prvenstvo 2002. godine. Od 2021. godine vodi reprezentaciju Srbije, s kojom je osvojio srebrnu medalju na Svetskom prvenstvu 2023. i bronzanu medalju na Olimpijskim igrama 2024. godine. Na klupskom nivou, Pe\u0161i\u0107 je trenirao Albu Berlin (1993\u20132000), Barselonu (2002\u20132004, 2018\u20132020), \u0110ironu (2006\u20132007), Crvenu zvezdu (2008\u20132009, 2011\u20132012), Bajern Minhen (2012\u20132016) i Valensiju (2010\u20132011). Sa Barselonom je osvojio Evroligu 2003. godine, kao i \u0161pansko prvenstvo i Kup kralja. Sa Albom Berlin osvojio je Kup Radivoja Kora\u0107a 1995. godine i \u010detiri uzastopne titule prvaka Nema\u010dke (1997\u20132000). Pe\u0161i\u0107 je 2020. godine primljen u FIBA Ku\u0107u slavnih, \u010dime je potvr\u0111en njegov zna\u010dajan doprinos svetskoj ko\u0161arci.<\/p>","protected":false},"excerpt":{"rendered":"<p>Predavanje Svetislaav Kari Pe\u0161i\u0107a na Konferenciji Biznis Pri\u010de 2025.Svetislav &#8222;Kari&#8220; Pe\u0161i\u0107 ro\u0111en je 28. avgusta 1949. godine u Novom Sadu, a odrastao je u Pirotu, gde je zapo\u010deo svoju ko\u0161arka\u0161ku karijeru. Kao igra\u010d, nastupao je za KK Pirot (1964\u20131967), Partizan (1967\u20131971) i Bosnu (1971\u20131979). Sa Bosnom je osvojio Prvenstvo Jugoslavije i Kup Jugoslavije 1978. godine,&#8230;<\/p>","protected":false},"author":3,"featured_media":45654,"comment_status":"close","ping_status":"closed","sticky":false,"template":"","format":"audio","meta":{"footnotes":""},"categories":[209],"tags":[],"class_list":["post-401321","post","type-post","status-publish","format-audio","has-post-thumbnail","hentry","category-biznis-price","post_format-post-format-audio"],"_links":{"self":[{"href":"https:\/\/podcast.rs\/en\/wp-json\/wp\/v2\/posts\/401321","targetHints":{"allow":["GET"]}}],"collection":[{"href":"https:\/\/podcast.rs\/en\/wp-json\/wp\/v2\/posts"}],"about":[{"href":"https:\/\/podcast.rs\/en\/wp-json\/wp\/v2\/types\/post"}],"author":[{"embeddable":true,"href":"https:\/\/podcast.rs\/en\/wp-json\/wp\/v2\/users\/3"}],"replies":[{"embeddable":true,"href":"https:\/\/podcast.rs\/en\/wp-json\/wp\/v2\/comments?post=401321"}],"version-history":[{"count":1,"href":"https:\/\/podcast.rs\/en\/wp-json\/wp\/v2\/posts\/401321\/revisions"}],"predecessor-version":[{"id":401322,"href":"https:\/\/podcast.rs\/en\/wp-json\/wp\/v2\/posts\/401321\/revisions\/401322"}],"wp:featuredmedia":[{"embeddable":true,"href":"https:\/\/podcast.rs\/en\/wp-json\/wp\/v2\/media\/45654"}],"wp:attachment":[{"href":"https:\/\/podcast.rs\/en\/wp-json\/wp\/v2\/media?parent=401321"}],"wp:term":[{"taxonomy":"category","embeddable":true,"href":"https:\/\/podcast.rs\/en\/wp-json\/wp\/v2\/categories?post=401321"},{"taxonomy":"post_tag","embeddable":true,"href":"https:\/\/podcast.rs\/en\/wp-json\/wp\/v2\/tags?post=401321"}],"curies":[{"name":"wp","href":"https:\/\/api.w.org\/{rel}","templated":true}]}}