{"id":40067,"date":"2021-06-04T17:15:00","date_gmt":"2021-06-04T15:15:00","guid":{"rendered":"https:\/\/podcast.rs\/?p=40067"},"modified":"2021-06-04T21:24:28","modified_gmt":"2021-06-04T19:24:28","slug":"sta-je-zgresio-nebojsa-stefanovic-juni-lipanj-04-2021","status":"publish","type":"post","link":"https:\/\/podcast.rs\/en\/sta-je-zgresio-nebojsa-stefanovic-juni-lipanj-04-2021\/","title":{"rendered":"\u0160ta je &#039;zgre\u0161io&#039; Neboj\u0161a Stefanovi\u0107? &#8211; juni\/lipanj 04, 2021"},"content":{"rendered":"<p>Neboj\u0161a Stefanovi\u0107 je nepodoban za vladaju\u0107u Srpsku naprednu stranku, u kojoj je nakon zahteva lokalnih odbora podneo ostavku na mesto \u010delnika beogradskog odbora, ali je za sada neupitno njegovo mesto ministra obrane, potpredsednika Vlade Srbije i \u0161efa Biroa za koordinaciju slu\u017ebi bezbednosti. Strana\u010dki odbori zahtevali su njegovu smenu zbog nereagovanja na navodno prislu\u0161kivanje predsednika Srbije Aleksandra Vu\u010di\u0107a u vreme kada je bio na \u010delu MUP-a.<\/p>\n<p>Koji je put Stefanovi\u0107 pre\u0161ao od jednog od najbli\u017eih saradnika lidera stranke i predsednika Srbije Aleksandra Vu\u010di\u0107a do toga da ga strana\u010dke kolege izbegavaju na sednici Glavnog odbora, slu\u0161ajte u &#8216;Izme\u0111u redova&#8217;.<\/p>","protected":false},"excerpt":{"rendered":"<p>Neboj\u0161a Stefanovi\u0107 je nepodoban za vladaju\u0107u Srpsku naprednu stranku, u kojoj je nakon zahteva lokalnih odbora podneo ostavku na mesto \u010delnika beogradskog odbora, ali je za sada neupitno njegovo mesto ministra obrane, potpredsednika Vlade Srbije i \u0161efa Biroa za koordinaciju slu\u017ebi bezbednosti. Strana\u010dki odbori zahtevali su njegovu smenu zbog nereagovanja na navodno prislu\u0161kivanje predsednika Srbije&#8230;<\/p>","protected":false},"author":3,"featured_media":26186,"comment_status":"close","ping_status":"closed","sticky":false,"template":"","format":"audio","meta":{"footnotes":""},"categories":[207],"tags":[],"class_list":["post-40067","post","type-post","status-publish","format-audio","has-post-thumbnail","hentry","category-izmedju-redova","post_format-post-format-audio"],"_links":{"self":[{"href":"https:\/\/podcast.rs\/en\/wp-json\/wp\/v2\/posts\/40067","targetHints":{"allow":["GET"]}}],"collection":[{"href":"https:\/\/podcast.rs\/en\/wp-json\/wp\/v2\/posts"}],"about":[{"href":"https:\/\/podcast.rs\/en\/wp-json\/wp\/v2\/types\/post"}],"author":[{"embeddable":true,"href":"https:\/\/podcast.rs\/en\/wp-json\/wp\/v2\/users\/3"}],"replies":[{"embeddable":true,"href":"https:\/\/podcast.rs\/en\/wp-json\/wp\/v2\/comments?post=40067"}],"version-history":[{"count":0,"href":"https:\/\/podcast.rs\/en\/wp-json\/wp\/v2\/posts\/40067\/revisions"}],"wp:featuredmedia":[{"embeddable":true,"href":"https:\/\/podcast.rs\/en\/wp-json\/wp\/v2\/media\/26186"}],"wp:attachment":[{"href":"https:\/\/podcast.rs\/en\/wp-json\/wp\/v2\/media?parent=40067"}],"wp:term":[{"taxonomy":"category","embeddable":true,"href":"https:\/\/podcast.rs\/en\/wp-json\/wp\/v2\/categories?post=40067"},{"taxonomy":"post_tag","embeddable":true,"href":"https:\/\/podcast.rs\/en\/wp-json\/wp\/v2\/tags?post=40067"}],"curies":[{"name":"wp","href":"https:\/\/api.w.org\/{rel}","templated":true}]}}