{"id":398338,"date":"2025-09-01T15:30:01","date_gmt":"2025-09-01T15:30:01","guid":{"rendered":"https:\/\/podcast.rs\/?p=398338"},"modified":"2026-04-29T12:04:23","modified_gmt":"2026-04-29T10:04:23","slug":"vozaci-iz-bih-pod-pritiskom-eu-propisa","status":"publish","type":"post","link":"https:\/\/podcast.rs\/en\/vozaci-iz-bih-pod-pritiskom-eu-propisa\/","title":{"rendered":"Voza\u010di iz BiH pod pritiskom EU propisa"},"content":{"rendered":"<p>Blokade cesta \u0161irom BiH \u2013 autoprijevoznici izlaze na ulice zbog, kako tvrde, diskriminatornih pravila u EU koja njihove voza\u010de ograni\u010davaju i dovode \u010dak i do privo\u0111enja. Konzorcij \u201cLogistika BiH\u201d, s vi\u0161e od 600 kompanija i 50 tisu\u0107a zaposlenih, tra\u017ei hitnu reakciju institucija. Koji su njihovi klju\u010dni zahtjevi i kakve posljedice blokade mogu imati po gospodarstvo i gra\u0111ane u dana\u0161njem podcastu Maja Mari\u0107 razgovara s dr. Veliborom Peuli\u0107em i kolegom Amirom Su\u017enjem.<\/p>","protected":false},"excerpt":{"rendered":"<p>Blokade cesta \u0161irom BiH \u2013 autoprijevoznici izlaze na ulice zbog, kako tvrde, diskriminatornih pravila u EU koja njihove voza\u010de ograni\u010davaju i dovode \u010dak i do privo\u0111enja. Konzorcij \u201cLogistika BiH\u201d, s vi\u0161e od 600 kompanija i 50 tisu\u0107a zaposlenih, tra\u017ei hitnu reakciju institucija. Koji su njihovi klju\u010dni zahtjevi i kakve posljedice blokade mogu imati po gospodarstvo&#8230;<\/p>","protected":false},"author":3,"featured_media":48737,"comment_status":"close","ping_status":"closed","sticky":false,"template":"","format":"audio","meta":{"footnotes":""},"categories":[183],"tags":[],"class_list":["post-398338","post","type-post","status-publish","format-audio","has-post-thumbnail","hentry","category-cosmo","post_format-post-format-audio"],"_links":{"self":[{"href":"https:\/\/podcast.rs\/en\/wp-json\/wp\/v2\/posts\/398338","targetHints":{"allow":["GET"]}}],"collection":[{"href":"https:\/\/podcast.rs\/en\/wp-json\/wp\/v2\/posts"}],"about":[{"href":"https:\/\/podcast.rs\/en\/wp-json\/wp\/v2\/types\/post"}],"author":[{"embeddable":true,"href":"https:\/\/podcast.rs\/en\/wp-json\/wp\/v2\/users\/3"}],"replies":[{"embeddable":true,"href":"https:\/\/podcast.rs\/en\/wp-json\/wp\/v2\/comments?post=398338"}],"version-history":[{"count":2,"href":"https:\/\/podcast.rs\/en\/wp-json\/wp\/v2\/posts\/398338\/revisions"}],"predecessor-version":[{"id":659754,"href":"https:\/\/podcast.rs\/en\/wp-json\/wp\/v2\/posts\/398338\/revisions\/659754"}],"wp:featuredmedia":[{"embeddable":true,"href":"https:\/\/podcast.rs\/en\/wp-json\/wp\/v2\/media\/48737"}],"wp:attachment":[{"href":"https:\/\/podcast.rs\/en\/wp-json\/wp\/v2\/media?parent=398338"}],"wp:term":[{"taxonomy":"category","embeddable":true,"href":"https:\/\/podcast.rs\/en\/wp-json\/wp\/v2\/categories?post=398338"},{"taxonomy":"post_tag","embeddable":true,"href":"https:\/\/podcast.rs\/en\/wp-json\/wp\/v2\/tags?post=398338"}],"curies":[{"name":"wp","href":"https:\/\/api.w.org\/{rel}","templated":true}]}}