{"id":398173,"date":"2025-08-31T18:00:18","date_gmt":"2025-08-31T16:00:18","guid":{"rendered":"https:\/\/podcast.rs\/ep-333-vukasin-milicevic-teolog-istoricar-i-pisac-pojacalo-podcast\/"},"modified":"2025-08-31T18:00:18","modified_gmt":"2025-08-31T16:00:18","slug":"ep-333-vukasin-milicevic-teolog-istoricar-i-pisac-pojacalo-podcast","status":"publish","type":"post","link":"https:\/\/podcast.rs\/en\/ep-333-vukasin-milicevic-teolog-istoricar-i-pisac-pojacalo-podcast\/","title":{"rendered":"EP 333: Vuka\u0161in Mili\u0107evi\u0107, teolog, istori\u010dar i pisac &#8211; Poja\u010dalo podcast"},"content":{"rendered":"<p>Kako nastaje slobodna misao u zarobljenom dru\u0161tvu?<\/p>\n<p>333. epizoda Poja\u010dala donosi Ivanov razgovor sa Vuka\u0161inom Mili\u0107evi\u0107em \u2013 teologom, piscem i javnim intelektualcem, o njegovom \u017eivotnom putu, obrazovanju i radu u crkvi i akademiji. Kroz li\u010dne pri\u010de iz detinjstva i mladosti, Vuka\u0161in govori o tome kako je odrastao izme\u0111u crkve, istorije i nauke, o prelomnim trenucima koji su ga oblikovali i o li\u010dnim tra\u017eenjima izme\u0111u ekstremizma, vere i stvarala\u0161tva. Razgovor se doti\u010de i \u0161ireg dru\u0161tvenog i istorijskog konteksta \u2013 od pitanja nacionalizma i univerzitetske autonomije, preko odnosa religije i nauke, do kriti\u010dkog sagledavanja dru\u0161tvenih promena u poslednjih nekoliko decenija. Epizoda otkriva slojevitu pri\u010du o \u010doveku koji uvek ide protiv linije manjeg otpora i pokazuje da teologija, filozofija i knji\u017eevnost mogu biti deo istog traganja za smislom i istinom. <\/p>\n<p>Teme u epizodi:<br \/>\n&#8211; Najava razgovora<br \/>\n&#8211; Po\u010detak razgovora<br \/>\n&#8211; Kad porastem bi\u0107u<br \/>\n&#8211; Put do teologije<br \/>\n&#8211; Povratak matematici i fizici<br \/>\n&#8211; Pri\u010da o istoriji<br \/>\n&#8211; Studiranje teologije<br \/>\n&#8211; Problem nacionalizma<br \/>\n&#8211; Pad univerziteta<br \/>\n&#8211; Studije teologije 2<br \/>\n&#8211; Studentski dani<br \/>\n&#8211; Nacionalizam kao problem<br \/>\n&#8211; Teologija i akademska scena<br \/>\n&#8211; Uloga crkve<br \/>\n&#8211; Kulturna politika i stvaranje razlika <\/p>\n<p>Podr\u017eite nas na BuyMeACoffee: <a href=\"https:\/\/bit.ly\/3uSBmoa\" rel=\"nofollow\">https:\/\/bit.ly\/3uSBmoa<\/a> <\/p>\n<p>Pro\u010ditajte transkript ove epizode:  <a href=\"https:\/\/bit.ly\/4p0bB1C\" rel=\"nofollow\">https:\/\/bit.ly\/4p0bB1C<\/a> <\/p>\n<p>Posetite na\u0161 sajt i prijavite se na na\u0161u mailing listu: <a href=\"http:\/\/bit.ly\/2LUKSBG\" rel=\"nofollow\">http:\/\/bit.ly\/2LUKSBG<\/a> <\/p>\n<p>Prijavite se na na\u0161 YouTube kanal: <a href=\"http:\/\/bit.ly\/2Rgnu7o\" rel=\"nofollow\">http:\/\/bit.ly\/2Rgnu7o<\/a> <\/p>\n<p>Pratite Poja\u010dalo na dru\u0161tvenim mre\u017eama:<br \/>\nFacebook: <a href=\"http:\/\/bit.ly\/2FfwqCR\" rel=\"nofollow\">http:\/\/bit.ly\/2FfwqCR<\/a><br \/>\nTwitter: <a href=\"http:\/\/bit.ly\/2CVZoGr\" rel=\"nofollow\">http:\/\/bit.ly\/2CVZoGr<\/a><br \/>\nInstagram: <a href=\"http:\/\/bit.ly\/2RzGHjN\" rel=\"nofollow\">http:\/\/bit.ly\/2RzGHjN<\/a><\/p>","protected":false},"excerpt":{"rendered":"<p>Kako nastaje slobodna misao u zarobljenom dru\u0161tvu\u2026<\/p>","protected":false},"author":3,"featured_media":398175,"comment_status":"","ping_status":"closed","sticky":false,"template":"","format":"standard","meta":{"footnotes":""},"categories":[30],"tags":[],"class_list":["post-398173","post","type-post","status-publish","format-standard","has-post-thumbnail","hentry","category-pojacalo"],"_links":{"self":[{"href":"https:\/\/podcast.rs\/en\/wp-json\/wp\/v2\/posts\/398173","targetHints":{"allow":["GET"]}}],"collection":[{"href":"https:\/\/podcast.rs\/en\/wp-json\/wp\/v2\/posts"}],"about":[{"href":"https:\/\/podcast.rs\/en\/wp-json\/wp\/v2\/types\/post"}],"author":[{"embeddable":true,"href":"https:\/\/podcast.rs\/en\/wp-json\/wp\/v2\/users\/3"}],"replies":[{"embeddable":true,"href":"https:\/\/podcast.rs\/en\/wp-json\/wp\/v2\/comments?post=398173"}],"version-history":[{"count":0,"href":"https:\/\/podcast.rs\/en\/wp-json\/wp\/v2\/posts\/398173\/revisions"}],"wp:featuredmedia":[{"embeddable":true,"href":"https:\/\/podcast.rs\/en\/wp-json\/wp\/v2\/media\/398175"}],"wp:attachment":[{"href":"https:\/\/podcast.rs\/en\/wp-json\/wp\/v2\/media?parent=398173"}],"wp:term":[{"taxonomy":"category","embeddable":true,"href":"https:\/\/podcast.rs\/en\/wp-json\/wp\/v2\/categories?post=398173"},{"taxonomy":"post_tag","embeddable":true,"href":"https:\/\/podcast.rs\/en\/wp-json\/wp\/v2\/tags?post=398173"}],"curies":[{"name":"wp","href":"https:\/\/api.w.org\/{rel}","templated":true}]}}