{"id":397679,"date":"2025-08-28T08:00:26","date_gmt":"2025-08-28T06:00:26","guid":{"rendered":"https:\/\/podcast.rs\/aplikacije-koje-su-promenile-nacin-na-koji-komuniciramo\/"},"modified":"2025-08-28T08:00:26","modified_gmt":"2025-08-28T06:00:26","slug":"aplikacije-koje-su-promenile-nacin-na-koji-komuniciramo","status":"publish","type":"post","link":"https:\/\/podcast.rs\/en\/aplikacije-koje-su-promenile-nacin-na-koji-komuniciramo\/","title":{"rendered":"Aplikacije koje su promenile na\u010din na koji komuniciramo"},"content":{"rendered":"<p>\ud83c\udfa7 Aplikacije koje su promenile na\u010din na koji komuniciramo | TeleSrbija podcast \ud83c\udfa7 <\/p>\n<p>U digitalnom dobu, na\u010din na koji komuniciramo svakodnevno se menja br\u017ee nego ikada. U ovoj epizodi Telesrbija podkasta pri\u010damo o aplikacijama koje su promenile na\u010din na koji se povezujemo \u2013 od prvih verzija na ra\u010dunaru, pa sve do mobilnih ure\u0111aja. <\/p>\n<p>Analiziramo najpopularnije aplikacije poput WhatsApp-a, Facebook Messengera, Vibera, Instagrama i Snapchata, obja\u0161njavamo njihove specifi\u010dnosti, kako se koriste i za \u0161ta slu\u017ee. <\/p>\n<p>Tako\u0111e smo se osvrnuli na statistiku u Srbiji \u2013 koja se aplikacija koliko koristi i kako se trendovi razlikuju me\u0111u mladim korisnicima u odnosu na \u0161iru populaciju. Razgovaramo i o budu\u0107im pravcima razvoja komunikacionih aplikacija i onome \u0161to mo\u017eemo o\u010dekivati u narednim godinama.<\/p>","protected":false},"excerpt":{"rendered":"<p>\ud83c\udfa7 Aplikacije koje su promenile na\u010din na koji komuniciramo | TeleSrbija podcast \ud83c\udfa7 U digitalnom dobu, na\u010din na koji komuniciramo svakodnevno se menja br\u017ee nego ikada. U ovoj epizodi Telesrbija podkasta pri\u010damo o aplikacijama koje su promenile na\u010din na koji se povezujemo \u2013 od prvih verzija na ra\u010dunaru, pa sve do mobilnih ure\u0111aja. Analiziramo najpopularnije&#8230;<\/p>","protected":false},"author":4,"featured_media":113407,"comment_status":"","ping_status":"closed","sticky":false,"template":"","format":"standard","meta":{"footnotes":""},"categories":[611],"tags":[],"class_list":["post-397679","post","type-post","status-publish","format-standard","has-post-thumbnail","hentry","category-telesrbija"],"_links":{"self":[{"href":"https:\/\/podcast.rs\/en\/wp-json\/wp\/v2\/posts\/397679","targetHints":{"allow":["GET"]}}],"collection":[{"href":"https:\/\/podcast.rs\/en\/wp-json\/wp\/v2\/posts"}],"about":[{"href":"https:\/\/podcast.rs\/en\/wp-json\/wp\/v2\/types\/post"}],"author":[{"embeddable":true,"href":"https:\/\/podcast.rs\/en\/wp-json\/wp\/v2\/users\/4"}],"replies":[{"embeddable":true,"href":"https:\/\/podcast.rs\/en\/wp-json\/wp\/v2\/comments?post=397679"}],"version-history":[{"count":0,"href":"https:\/\/podcast.rs\/en\/wp-json\/wp\/v2\/posts\/397679\/revisions"}],"wp:featuredmedia":[{"embeddable":true,"href":"https:\/\/podcast.rs\/en\/wp-json\/wp\/v2\/media\/113407"}],"wp:attachment":[{"href":"https:\/\/podcast.rs\/en\/wp-json\/wp\/v2\/media?parent=397679"}],"wp:term":[{"taxonomy":"category","embeddable":true,"href":"https:\/\/podcast.rs\/en\/wp-json\/wp\/v2\/categories?post=397679"},{"taxonomy":"post_tag","embeddable":true,"href":"https:\/\/podcast.rs\/en\/wp-json\/wp\/v2\/tags?post=397679"}],"curies":[{"name":"wp","href":"https:\/\/api.w.org\/{rel}","templated":true}]}}