{"id":396751,"date":"2025-08-22T17:33:39","date_gmt":"2025-08-22T15:33:39","guid":{"rendered":"https:\/\/podcast.rs\/ep11-svakodnevica-u-drustveno-politickoj-krizi-dnevnik-jedne-studentkinje\/"},"modified":"2025-08-22T17:33:39","modified_gmt":"2025-08-22T15:33:39","slug":"ep11-svakodnevica-u-drustveno-politickoj-krizi-dnevnik-jedne-studentkinje","status":"publish","type":"post","link":"https:\/\/podcast.rs\/en\/ep11-svakodnevica-u-drustveno-politickoj-krizi-dnevnik-jedne-studentkinje\/","title":{"rendered":"EP11: Svakodnevica u dru\u0161tveno-politi\u010dkoj krizi: Dnevnik jedne studentkinje"},"content":{"rendered":"<p>Kriza u dr\u017eavi zna\u010di i kriza u \u017eivotu pojedinca. Politi\u010dka situacija u zemlji uti\u010de na sve\u00a0\u2014\u00a0svakodnevicu, finansijsko i stambeno pitanje, mentalno zdravlje. Ova epizoda pokazuje kako izgleda svakodnevica studentkinje u Srbiji tokom vi\u0161emese\u010dne studentske borbe za pravnu dr\u017eavu. Briga za bli\u017enje tokom policijske brutalnosti na protestu, blokada raskrsnica u rodnom gradu, burna selidba usled promene pona\u0161anja vlasnice stana zbog neslaganja oko politi\u010dkih stavova, samo su neke od situacija koje ispisuju stranice dnevnika jedne studentkinje.<\/p><\/p>","protected":false},"excerpt":{"rendered":"<p>Kriza u dr\u017eavi zna\u010di i kriza u \u017eivotu pojedinca. Politi\u010dka situacija u zemlji uti\u010de na sve\u00a0\u2014\u00a0svakodnevicu, finansijsko i stambeno pitanje, mentalno zdravlje. Ova epizoda pokazuje kako izgleda svakodnevica studentkinje u Srbiji tokom vi\u0161emese\u010dne studentske borbe za pravnu dr\u017eavu. Briga za bli\u017enje tokom policijske brutalnosti na protestu, blokada raskrsnica u rodnom gradu, burna selidba usled promene&#8230;<\/p>","protected":false},"author":4,"featured_media":148154,"comment_status":"","ping_status":"closed","sticky":false,"template":"","format":"standard","meta":{"footnotes":""},"categories":[649],"tags":[],"class_list":["post-396751","post","type-post","status-publish","format-standard","has-post-thumbnail","hentry","category-dnevnik-jedne-mladosti"],"_links":{"self":[{"href":"https:\/\/podcast.rs\/en\/wp-json\/wp\/v2\/posts\/396751","targetHints":{"allow":["GET"]}}],"collection":[{"href":"https:\/\/podcast.rs\/en\/wp-json\/wp\/v2\/posts"}],"about":[{"href":"https:\/\/podcast.rs\/en\/wp-json\/wp\/v2\/types\/post"}],"author":[{"embeddable":true,"href":"https:\/\/podcast.rs\/en\/wp-json\/wp\/v2\/users\/4"}],"replies":[{"embeddable":true,"href":"https:\/\/podcast.rs\/en\/wp-json\/wp\/v2\/comments?post=396751"}],"version-history":[{"count":0,"href":"https:\/\/podcast.rs\/en\/wp-json\/wp\/v2\/posts\/396751\/revisions"}],"wp:featuredmedia":[{"embeddable":true,"href":"https:\/\/podcast.rs\/en\/wp-json\/wp\/v2\/media\/148154"}],"wp:attachment":[{"href":"https:\/\/podcast.rs\/en\/wp-json\/wp\/v2\/media?parent=396751"}],"wp:term":[{"taxonomy":"category","embeddable":true,"href":"https:\/\/podcast.rs\/en\/wp-json\/wp\/v2\/categories?post=396751"},{"taxonomy":"post_tag","embeddable":true,"href":"https:\/\/podcast.rs\/en\/wp-json\/wp\/v2\/tags?post=396751"}],"curies":[{"name":"wp","href":"https:\/\/api.w.org\/{rel}","templated":true}]}}