{"id":395999,"date":"2025-08-21T11:00:08","date_gmt":"2025-08-21T09:00:08","guid":{"rendered":"https:\/\/podcast.rs\/?p=395999"},"modified":"2025-08-21T11:06:41","modified_gmt":"2025-08-21T09:06:41","slug":"otvoren-poziv-radionica-narativnog-podkastinga","status":"publish","type":"post","link":"https:\/\/podcast.rs\/en\/otvoren-poziv-radionica-narativnog-podkastinga\/","title":{"rendered":"Otvoren poziv: Radionica narativnog podkastinga"},"content":{"rendered":"<p><\/p>\n\n\n\n<p><\/p>\n\n\n\n<p><strong>Podcast.rs<\/strong> pokre\u0107e novi projekat <strong>\u201eInovacije u narativnom podkastingu za medijsku pismenost u Srbiji\u201c<\/strong> i otvara prijave za u\u010desnike. Ova <strong>podkast radionica<\/strong> je namenjena svima koji \u017eele da nau\u010de kako da kroz audio format kreiraju kvalitetne, dru\u0161tveno relevantne pri\u010de i doprinesu razvoju <strong>medijske pismenosti u Srbiji<\/strong>.<\/p>\n\n\n\n<p>Na\u0161e prethodne nagra\u0111ene serije, poput <strong>\u201eDnevnika jedne mladosti\u201c<\/strong> i <strong>\u201ePrilozi za biografije nevidljivih ljudi\u201c<\/strong>, pokazale su koliko <strong>narativni podkast<\/strong> mo\u017ee da inspiri\u0161e publiku i podstakne kriti\u010dko razmi\u0161ljanje. Sada \u017eelimo da nove autore i autorke uvedemo u ovaj proces i zajedno osna\u017eimo da u\u0111u u svet narativnih podkasta.<\/p>\n\n\n\n<hr class=\"wp-block-separator has-alpha-channel-opacity\"\/>\n\n\n\n<h2 class=\"wp-block-heading\">\u0160ta u\u010desnici dobijaju na podkast radionici?<\/h2>\n\n\n\n<p>Tokom \u010detvoromese\u010dnog programa (avgust \u2013 novembar 2025) bi\u0107e odabrano <strong>10 u\u010desnika\/ca<\/strong>, koji \u0107e dobiti priliku da:<\/p>\n\n\n\n<ul class=\"wp-block-list\">\n<li>u\u010de osnove <strong>pisanja scenarija za pripoveda\u010dki podkast format<\/strong>,<\/li>\n\n\n\n<li>istra\u017ee principe <strong>solution journalism-a<\/strong>,<\/li>\n\n\n\n<li>usvoje tehnike <strong>\u201ecomplicating the narrative\u201c<\/strong>,<\/li>\n\n\n\n<li>rade uz <strong>iskusne mentore<\/strong> \u2013 priznate podkast autore i novinare,<\/li>\n\n\n\n<li>kreiraju novu <strong>5-epizodnu sezonu narativnog podkasta<\/strong>.<\/li>\n<\/ul>\n\n\n\n<p>Pored edukacije, u\u010desnici \u0107e u\u010destvovati i u <strong>promotivnim kampanjama, doga\u0111ajima i javnim slu\u0161aonicama<\/strong>, \u0161to ovu radionicu \u010dini prakti\u010dnim i sveobuhvatnim iskustvom.<\/p>\n\n\n\n<hr class=\"wp-block-separator has-alpha-channel-opacity\"\/>\n\n\n\n<h2 class=\"wp-block-heading\">Predava\u010di i mentori<\/h2>\n\n\n\n<p>Radionice \u0107e voditi stru\u010dnjaci iz Srbije i inostranstva sa bogatim iskustvom u  novinarstvu i istra\u017eiva\u010dkom radu:<\/p>\n\n\n\n<ul class=\"wp-block-list\">\n<li><strong>Norbert \u0160inkovi\u0107<\/strong> (<a href=\"https:\/\/www0.ff.uns.ac.rs\/fakultet\/odseci\/fakultet_odseci_medijske_studije.html\">Filozofski fakultet, Univerzitet u Novom Sadu<\/a>) \u2013 predava\u010d i medijski istra\u017eiva\u010d, specijalizovan za narativno pripovedanje i radisko novinarstvo.<\/li>\n\n\n\n<li><strong>Christina Lee<\/strong> (<a href=\"https:\/\/hostwriter.org\/\">Hostwriter<\/a> \/ <a href=\"https:\/\/unbiasthenews.org\/\">Unbias the News<\/a>) \u2013 iskusna novinarka, urednica i me\u0111unarodna trenerka sa fokusom na globalnu saradnju me\u0111u novinarima i inkluzivne prakse u medijima.<\/li>\n\n\n\n<li><strong>Meenal Thakur<\/strong> (<a href=\"https:\/\/transitionsmedia.org\/\">Transitions<\/a>) \u2013 stru\u010dnjakinja za medijski razvoj i inovativne pristupe u digitalnom novinarstvu, sa bogatim iskustvom u treninzima \u0161irom Evrope.<\/li>\n<\/ul>\n\n\n\n<p>Njihovo iskustvo i razli\u010dite perspektive garantuju da \u0107e u\u010desnici dobiti ne samo tehni\u010dko znanje, ve\u0107 i \u0161iri uvid u to kako narativni podkasti mogu doprineti demokratiji, pluralizmu i medijskoj pismenosti.<\/p>\n\n\n\n<h2 class=\"wp-block-heading\">Za\u0161to narativni podkast i medijska pismenost?<\/h2>\n\n\n\n<p><strong>Narativni podkast<\/strong> je mo\u0107an alat jer publici pru\u017ea dublje razumevanje slo\u017eenih tema \u2013 od svakodnevnih dru\u0161tvenih problema, preko polo\u017eaja manjinskih zajednica, do politi\u010dkih i medijskih izazova.<\/p>\n\n\n\n<p>U vremenu kada dezinformacije i pritisci na medije naru\u0161avaju poverenje gra\u0111ana, ovakav pristup mo\u017ee zna\u010dajno doprineti <strong>razvoju medijske pismenosti u Srbiji<\/strong> i osna\u017eivanju gra\u0111ana da kriti\u010dki analiziraju informacije koje dobijaju.<\/p>\n\n\n\n<hr class=\"wp-block-separator has-alpha-channel-opacity\"\/>\n\n\n\n<h2 class=\"wp-block-heading\">Detalji podkast radionice<\/h2>\n\n\n\n<ul class=\"wp-block-list\">\n<li><strong>Trajanje:<\/strong> avgust \u2013 novembar 2025<\/li>\n\n\n\n<li><strong>Lokacija:<\/strong> Beograd i online<\/li>\n\n\n\n<li><strong>Broj u\u010desnika:<\/strong> 10 odabranih kandidata<\/li>\n\n\n\n<li><strong>Rok za prijave:<\/strong> 31.08.2025.<\/li>\n<\/ul>\n\n\n\n<hr class=\"wp-block-separator has-alpha-channel-opacity\"\/>\n\n\n\n<h2 class=\"wp-block-heading\">Kako se prijaviti za radionicu?<\/h2>\n\n\n\n<p>Ako \u017eeli\u0161 da nau\u010di\u0161 kako da razvije\u0161 i ispri\u010da\u0161 sopstvenu podkast pri\u010du, ovo je prava prilika za tebe.<\/p>\n\n\n\n<p>\ud83d\udc49 Popuni prijavu putem formulara: <a href=\"https:\/\/docs.google.com\/forms\/d\/e\/1FAIpQLSdG4OfxFDpXLnNdDxk29scR_MYnP5hVYeyBLo9UDxefjbdPeA\/viewform\" data-type=\"link\" data-id=\"https:\/\/docs.google.com\/forms\/d\/e\/1FAIpQLSdG4OfxFDpXLnNdDxk29scR_MYnP5hVYeyBLo9UDxefjbdPeA\/viewform\">Formular<\/a><\/p>\n\n\n\n<hr class=\"wp-block-separator has-alpha-channel-opacity\"\/>\n\n\n\n<p>Zajedno gradimo novu generaciju autora <strong>narativnih podkasta<\/strong> i ja\u010damo <strong>medijsku pismenost u Srbiji<\/strong>. Prijavi se i postani deo ove pri\u010de!<\/p>","protected":false},"excerpt":{"rendered":"<p>Podcast.rs pokre\u0107e novi projekat \u201eInovacije u narativnom podkastingu za medijsku pismenost u Srbiji\u201c i otvara prijave za u\u010desnike. Ova podkast radionica je namenjena svima koji \u017eele da nau\u010de kako da kroz audio format kreiraju kvalitetne, dru\u0161tveno relevantne pri\u010de i doprinesu razvoju medijske pismenosti u Srbiji. Na\u0161e prethodne nagra\u0111ene serije, poput \u201eDnevnika jedne mladosti\u201c i \u201ePrilozi&#8230;<\/p>","protected":false},"author":4,"featured_media":396000,"comment_status":"closed","ping_status":"closed","sticky":false,"template":"","format":"standard","meta":{"footnotes":""},"categories":[267],"tags":[],"class_list":["post-395999","post","type-post","status-publish","format-standard","has-post-thumbnail","hentry","category-blog"],"_links":{"self":[{"href":"https:\/\/podcast.rs\/en\/wp-json\/wp\/v2\/posts\/395999","targetHints":{"allow":["GET"]}}],"collection":[{"href":"https:\/\/podcast.rs\/en\/wp-json\/wp\/v2\/posts"}],"about":[{"href":"https:\/\/podcast.rs\/en\/wp-json\/wp\/v2\/types\/post"}],"author":[{"embeddable":true,"href":"https:\/\/podcast.rs\/en\/wp-json\/wp\/v2\/users\/4"}],"replies":[{"embeddable":true,"href":"https:\/\/podcast.rs\/en\/wp-json\/wp\/v2\/comments?post=395999"}],"version-history":[{"count":6,"href":"https:\/\/podcast.rs\/en\/wp-json\/wp\/v2\/posts\/395999\/revisions"}],"predecessor-version":[{"id":396089,"href":"https:\/\/podcast.rs\/en\/wp-json\/wp\/v2\/posts\/395999\/revisions\/396089"}],"wp:featuredmedia":[{"embeddable":true,"href":"https:\/\/podcast.rs\/en\/wp-json\/wp\/v2\/media\/396000"}],"wp:attachment":[{"href":"https:\/\/podcast.rs\/en\/wp-json\/wp\/v2\/media?parent=395999"}],"wp:term":[{"taxonomy":"category","embeddable":true,"href":"https:\/\/podcast.rs\/en\/wp-json\/wp\/v2\/categories?post=395999"},{"taxonomy":"post_tag","embeddable":true,"href":"https:\/\/podcast.rs\/en\/wp-json\/wp\/v2\/tags?post=395999"}],"curies":[{"name":"wp","href":"https:\/\/api.w.org\/{rel}","templated":true}]}}