{"id":395687,"date":"2025-08-19T11:38:16","date_gmt":"2025-08-19T09:38:16","guid":{"rendered":"https:\/\/podcast.rs\/?p=395687"},"modified":"2025-08-19T12:30:25","modified_gmt":"2025-08-19T10:30:25","slug":"dozivotni-setaci","status":"publish","type":"post","link":"https:\/\/podcast.rs\/en\/dozivotni-setaci\/","title":{"rendered":"Do\u017eivotni \u0161eta\u010di"},"content":{"rendered":"<p>Delovi na\u0161e dokumentarne emisije \u201e\u0160etnja\u201c o protestima 1996\/97. u Srbiji. Govore Vuk Dra\u0161kovi\u0107, slikar Mi\u0107a Popovi\u0107, Zoran \u0110in\u0111i\u0107, \u010cedomir Jovanovi\u0107, Slobodan Milo\u0161evi\u0107, patrijarh Pavle i glumac Ljuba Tadi\u0107. U snimku se \u010duju i spikeri RTS-a i novinari B92.<\/p>","protected":false},"excerpt":{"rendered":"<p>Delovi na\u0161e dokumentarne emisije \u201e\u0160etnja\u201c o protestima 1996\/97. u Srbiji. Govore Vuk Dra\u0161kovi\u0107, slikar Mi\u0107a Popovi\u0107, Zoran \u0110in\u0111i\u0107, \u010cedomir Jovanovi\u0107, Slobodan Milo\u0161evi\u0107, patrijarh Pavle i glumac Ljuba Tadi\u0107. U snimku se \u010duju i spikeri RTS-a i novinari B92.<\/p>","protected":false},"author":3,"featured_media":6194,"comment_status":"close","ping_status":"closed","sticky":false,"template":"","format":"audio","meta":{"footnotes":""},"categories":[71],"tags":[],"class_list":["post-395687","post","type-post","status-publish","format-audio","has-post-thumbnail","hentry","category-pescanik","post_format-post-format-audio"],"_links":{"self":[{"href":"https:\/\/podcast.rs\/en\/wp-json\/wp\/v2\/posts\/395687","targetHints":{"allow":["GET"]}}],"collection":[{"href":"https:\/\/podcast.rs\/en\/wp-json\/wp\/v2\/posts"}],"about":[{"href":"https:\/\/podcast.rs\/en\/wp-json\/wp\/v2\/types\/post"}],"author":[{"embeddable":true,"href":"https:\/\/podcast.rs\/en\/wp-json\/wp\/v2\/users\/3"}],"replies":[{"embeddable":true,"href":"https:\/\/podcast.rs\/en\/wp-json\/wp\/v2\/comments?post=395687"}],"version-history":[{"count":1,"href":"https:\/\/podcast.rs\/en\/wp-json\/wp\/v2\/posts\/395687\/revisions"}],"predecessor-version":[{"id":395688,"href":"https:\/\/podcast.rs\/en\/wp-json\/wp\/v2\/posts\/395687\/revisions\/395688"}],"wp:featuredmedia":[{"embeddable":true,"href":"https:\/\/podcast.rs\/en\/wp-json\/wp\/v2\/media\/6194"}],"wp:attachment":[{"href":"https:\/\/podcast.rs\/en\/wp-json\/wp\/v2\/media?parent=395687"}],"wp:term":[{"taxonomy":"category","embeddable":true,"href":"https:\/\/podcast.rs\/en\/wp-json\/wp\/v2\/categories?post=395687"},{"taxonomy":"post_tag","embeddable":true,"href":"https:\/\/podcast.rs\/en\/wp-json\/wp\/v2\/tags?post=395687"}],"curies":[{"name":"wp","href":"https:\/\/api.w.org\/{rel}","templated":true}]}}