{"id":395326,"date":"2025-08-17T18:10:17","date_gmt":"2025-08-17T16:10:17","guid":{"rendered":"https:\/\/podcast.rs\/?p=395326"},"modified":"2025-08-17T19:26:50","modified_gmt":"2025-08-17T17:26:50","slug":"115-deca-koja-su-prerano-odrasla-parentifikovana-deca","status":"publish","type":"post","link":"https:\/\/podcast.rs\/en\/115-deca-koja-su-prerano-odrasla-parentifikovana-deca\/","title":{"rendered":"115 &#8211; Deca koja su prerano odrasla (parentifikovana deca)"},"content":{"rendered":"<p>\u0160ta se doga\u0111a kada deca prerano preuzmu ulogu odraslih, postanu oslonac svojim roditeljima i nose teret koji im ne pripada? O parentifikaciji &#8211; fenomenu u kojem se granice izme\u0111u deteta i roditelja bri\u0161u, i o posledicama koje ovakva dinamika ostavlja na kasniji \u017eivot &#8211; razgovaraju psihijatar Mihailo Ili\u0107 i psiholo\u0161kinja Ana Perovi\u0107. U ovoj epizodi istra\u017eujemo kako izgleda odrastanje uz ose\u0107aj odgovornosti koji je prevelik za de\u010dja ple\u0107a, \u0161ta zna\u010di kada dete \u201eprerano odraste\u201c i na koje na\u010dine se te rane i obrasci kasnije ponavljaju u odnosima.<\/p>\n<p>Kroz iskren razgovor sagledavamo i \u0161ire pitanje promena &#8211; jer odrastanje pod pritiskom prerane zrelosti uvek zahteva kasnije unutra\u0161nje pomake, pronala\u017eenje sopstvenog puta i vra\u0107anje izgubljenog detinjstva. Upravo zato ova tema podse\u0107a i na to da je promena neizbe\u017ena i jedina konstanta.<\/p>\n<p>Ba\u0161 kao \u0161to voda uvek na\u0111e svoj put, tako i mi \u017eelimo da podstaknemo svakoga da prona\u0111e svoj &#8211; uz poruku da je promena u na\u0161oj prirodi i podse\u0107anje da svaki korak napred zna\u010di novi po\u010detak &#8211; bilo da se menjamo jer postajemo roditelji, jer smo zaljubljeni, ili zato \u0161to nas \u017eivot stavlja pred nove izbore.<\/p>\n<p>\ud83d\udccc   Epizodu podr\u017eava Rosa &#8211; prirodna, ba\u0161 kao i promena<\/p>\n<p>Dodatni sadr\u017eaji su na raspolaganju i na YouTube kanalu za \u010dlanove, kao i na Patreonu. Podr\u017eite nas i pretplatite se za na\u0161e ekskluzivne sadr\u017eaje: <a target=\"_blank\" rel=\"noopener noreferrer nofollow\" href=\"https:\/\/www.patreon.com\/c\/dvaipopsihijatra\/\">https:\/\/www.patreon.com\/c\/dvaipopsihijatra\/<\/a><\/p>","protected":false},"excerpt":{"rendered":"<p>\u0160ta se doga\u0111a kada deca prerano preuzmu ulogu odraslih, postanu oslonac svojim roditeljima i nose teret koji im ne pripada? O parentifikaciji &#8211; fenomenu u kojem se granice izme\u0111u deteta i roditelja bri\u0161u, i o posledicama koje ovakva dinamika ostavlja na kasniji \u017eivot &#8211; razgovaraju psihijatar Mihailo Ili\u0107 i psiholo\u0161kinja Ana Perovi\u0107. U ovoj epizodi&#8230;<\/p>","protected":false},"author":3,"featured_media":67456,"comment_status":"close","ping_status":"closed","sticky":false,"template":"","format":"audio","meta":{"footnotes":""},"categories":[493],"tags":[],"class_list":["post-395326","post","type-post","status-publish","format-audio","has-post-thumbnail","hentry","category-dva-i-po-psihijatra","post_format-post-format-audio"],"_links":{"self":[{"href":"https:\/\/podcast.rs\/en\/wp-json\/wp\/v2\/posts\/395326","targetHints":{"allow":["GET"]}}],"collection":[{"href":"https:\/\/podcast.rs\/en\/wp-json\/wp\/v2\/posts"}],"about":[{"href":"https:\/\/podcast.rs\/en\/wp-json\/wp\/v2\/types\/post"}],"author":[{"embeddable":true,"href":"https:\/\/podcast.rs\/en\/wp-json\/wp\/v2\/users\/3"}],"replies":[{"embeddable":true,"href":"https:\/\/podcast.rs\/en\/wp-json\/wp\/v2\/comments?post=395326"}],"version-history":[{"count":1,"href":"https:\/\/podcast.rs\/en\/wp-json\/wp\/v2\/posts\/395326\/revisions"}],"predecessor-version":[{"id":395327,"href":"https:\/\/podcast.rs\/en\/wp-json\/wp\/v2\/posts\/395326\/revisions\/395327"}],"wp:featuredmedia":[{"embeddable":true,"href":"https:\/\/podcast.rs\/en\/wp-json\/wp\/v2\/media\/67456"}],"wp:attachment":[{"href":"https:\/\/podcast.rs\/en\/wp-json\/wp\/v2\/media?parent=395326"}],"wp:term":[{"taxonomy":"category","embeddable":true,"href":"https:\/\/podcast.rs\/en\/wp-json\/wp\/v2\/categories?post=395326"},{"taxonomy":"post_tag","embeddable":true,"href":"https:\/\/podcast.rs\/en\/wp-json\/wp\/v2\/tags?post=395326"}],"curies":[{"name":"wp","href":"https:\/\/api.w.org\/{rel}","templated":true}]}}