{"id":394832,"date":"2025-08-14T10:43:31","date_gmt":"2025-08-14T08:43:31","guid":{"rendered":"https:\/\/podcast.rs\/sajber-straza-kako-cert-stiti-nas-digitalni-svet\/"},"modified":"2025-08-14T10:43:31","modified_gmt":"2025-08-14T08:43:31","slug":"sajber-straza-kako-cert-stiti-nas-digitalni-svet","status":"publish","type":"post","link":"https:\/\/podcast.rs\/en\/sajber-straza-kako-cert-stiti-nas-digitalni-svet\/","title":{"rendered":"Sajber stra\u017ea: kako CERT \u0161titi na\u0161 digitalni svet"},"content":{"rendered":"<p>\ud83c\udfa7 Sajber stra\u017ea: kako CERT \u0161titi na\u0161 digitalni svet | TeleSrbija podcast \ud83c\udfa7 <\/p>\n<p>U digitalnom svetu, gde se granice izme\u0111u privatnog i javnog bri\u0161u br\u017ee nego ikada, pitanje bezbednosti postaje klju\u010dno. U ovoj epizodi Telesrbija podkasta ugostili smo dr Marka Krsti\u0107a, rukovodioca Slu\u017ebe za informacionu bezbednost \u2013 CERT, kako bismo otkrili \u0161ta se zapravo krije iza ovog pojma i koliko je njihov rad va\u017ean za svakog od nas. <\/p>\n<p>CERT je prva linija odbrane kada govorimo o sajber pretnjama \u2013 od pra\u0107enja i detekcije potencijalnih napada, preko pravovremenog reagovanja, pa sve do saradnje sa institucijama i gra\u0111anima. Dr Krsti\u0107 nas vodi kroz ceo proces: kako funkcioni\u0161e sistem za rano upozoravanje na sajber pretnje, \u0161ta se de\u0161ava u momentu kada se pretnja otkrije i kome se prvo \u0161alje signal za uzbunu. <\/p>\n<p>Razgovaramo o tome koje se pretnje naj\u010de\u0161\u0107e prijavljuju, kakve su razlike izme\u0111u onoga \u0161to prijavljuju gra\u0111ani i onoga \u0161to bele\u017ee institucije, kao i koliko su te pretnje evoluirale poslednjih godina. Dotakli smo se i zna\u010daja 5G mre\u017ee \u2013 ne samo u kontekstu novih mogu\u0107nosti, ve\u0107 i potencijalnih izazova u o\u010duvanju bezbednosti digitalnog prostora. <\/p>\n<p>Ova epizoda donosi retku priliku da zavirite u rad tima koji, \u010desto neprimetno, \u010duva na\u0161 digitalni svakodnevni \u017eivot.<\/p>","protected":false},"excerpt":{"rendered":"<p>\ud83c\udfa7 Sajber stra\u017ea: kako CERT \u0161titi na\u0161 digitalni svet | TeleSrbija podcast \ud83c\udfa7 U digitalnom svetu, gde se granice izme\u0111u privatnog i javnog bri\u0161u br\u017ee nego ikada, pitanje bezbednosti postaje klju\u010dno. U ovoj epizodi Telesrbija podkasta ugostili smo dr Marka Krsti\u0107a, rukovodioca Slu\u017ebe za informacionu bezbednost \u2013 CERT, kako bismo otkrili \u0161ta se zapravo krije&#8230;<\/p>","protected":false},"author":4,"featured_media":113407,"comment_status":"","ping_status":"closed","sticky":false,"template":"","format":"standard","meta":{"footnotes":""},"categories":[611],"tags":[],"class_list":["post-394832","post","type-post","status-publish","format-standard","has-post-thumbnail","hentry","category-telesrbija"],"_links":{"self":[{"href":"https:\/\/podcast.rs\/en\/wp-json\/wp\/v2\/posts\/394832","targetHints":{"allow":["GET"]}}],"collection":[{"href":"https:\/\/podcast.rs\/en\/wp-json\/wp\/v2\/posts"}],"about":[{"href":"https:\/\/podcast.rs\/en\/wp-json\/wp\/v2\/types\/post"}],"author":[{"embeddable":true,"href":"https:\/\/podcast.rs\/en\/wp-json\/wp\/v2\/users\/4"}],"replies":[{"embeddable":true,"href":"https:\/\/podcast.rs\/en\/wp-json\/wp\/v2\/comments?post=394832"}],"version-history":[{"count":0,"href":"https:\/\/podcast.rs\/en\/wp-json\/wp\/v2\/posts\/394832\/revisions"}],"wp:featuredmedia":[{"embeddable":true,"href":"https:\/\/podcast.rs\/en\/wp-json\/wp\/v2\/media\/113407"}],"wp:attachment":[{"href":"https:\/\/podcast.rs\/en\/wp-json\/wp\/v2\/media?parent=394832"}],"wp:term":[{"taxonomy":"category","embeddable":true,"href":"https:\/\/podcast.rs\/en\/wp-json\/wp\/v2\/categories?post=394832"},{"taxonomy":"post_tag","embeddable":true,"href":"https:\/\/podcast.rs\/en\/wp-json\/wp\/v2\/tags?post=394832"}],"curies":[{"name":"wp","href":"https:\/\/api.w.org\/{rel}","templated":true}]}}