{"id":394535,"date":"2025-08-12T19:30:00","date_gmt":"2025-08-12T17:30:00","guid":{"rendered":"https:\/\/podcast.rs\/epizoda-sa-oliverom-kovacevic-tetke-s05e16-season-finale\/"},"modified":"2025-08-12T19:30:00","modified_gmt":"2025-08-12T17:30:00","slug":"epizoda-sa-oliverom-kovacevic-tetke-s05e16-season-finale","status":"publish","type":"post","link":"https:\/\/podcast.rs\/en\/epizoda-sa-oliverom-kovacevic-tetke-s05e16-season-finale\/","title":{"rendered":"Epizoda sa Oliverom Kova\u010devi\u0107 \/ TETKE \/ S05E16 \/ SEASON FINALE"},"content":{"rendered":"<p>\u26a0\ufe0f Ako \u017eelite da Tetke i u 6. sezoni ostanu u video-formatu, podr\u017eite nas pretplatom na platformi <a href=\"https:\/\/www.patreon.com\/c\/TetkePodkast\">patreon<\/a> ili jednokratnom donacijom preko <a href=\"https:\/\/www.paypal.com\/paypalme\/TetkePodcast\">paypal<\/a>-a. Va\u0161a podr\u0161ka nam zna\u010di i omogu\u0107ava da damo jo\u0161 vi\u0161e! \ud83d\ude4c\ud83c\udffb<\/p>\n<p>Olivera Kova\u010devi\u0107 ekskluzivno za Tetke o smeni, aktuelnim politi\u010dkim de\u0161avanjima, RTS-u, PZE-u, svojoj karijeri, ali i svom dugogodi\u0161njem zalaganju za LGBT+ prava. \ud83c\udf08<\/p>\n<p>Kraj pete sezone obele\u017eavamo s go\u0161\u0107om koju smo pri\u017eeljkivali godinama. Snimanje smo dogovorili mnogo pre Oliverine smene, ali eto\u2026 zvezde su se tako sklopile. \u2728 Na sva na\u0161a pitanja odgovorila je otvoreno bez ikakve zadr\u0161ke i hvala joj na tome. \u2764\ufe0f<\/p>\n<p>\ud83c\udf99\ufe0f voditeljke: @<a href=\"https:\/\/www.instagram.com\/alexisplastic\">alexisplastic<\/a> @<a href=\"https:\/\/www.instagram.com\/vojinovic.jpg\">vojinovic.jpg<\/a><\/p>\n<p>\ud83d\uddbc\ufe0f vizuelni identitet i \u0161pica: @<a href=\"https:\/\/www.instagram.com\/vladimir.bmp\">vladimir.bmp<\/a><\/p>\n<p>\u2702\ufe0f monta\u017ea:<a href=\"https:\/\/podcast.rs\/en\/\"> podcast.rs<\/a><\/p>\n<\/p>\n<p>Pratite nas na instagramu: @<a href=\"https:\/\/www.instagram.com\/tetkepodkast\/\">tetkepodkast<\/a><\/p>\n<p>Pratite nas na tviteru: @<a href=\"https:\/\/x.com\/tetkepodkast\">tetkepodkast<\/a><\/p>","protected":false},"excerpt":{"rendered":"<p>\u26a0\ufe0f Ako \u017eelite da Tetke i u 6. sezoni ostanu u video-formatu, podr\u017eite nas pretplatom na platformi patreon ili jednokratnom donacijom preko paypal-a. Va\u0161a podr\u0161ka nam zna\u010di i omogu\u0107ava da damo jo\u0161 vi\u0161e! \ud83d\ude4c\ud83c\udffb Olivera Kova\u010devi\u0107 ekskluzivno za Tetke o smeni, aktuelnim politi\u010dkim de\u0161avanjima, RTS-u, PZE-u, svojoj karijeri, ali i svom dugogodi\u0161njem zalaganju za LGBT+&#8230;<\/p>","protected":false},"author":6,"featured_media":145892,"comment_status":"","ping_status":"closed","sticky":false,"template":"","format":"standard","meta":{"footnotes":""},"categories":[645],"tags":[],"class_list":["post-394535","post","type-post","status-publish","format-standard","has-post-thumbnail","hentry","category-tetke"],"_links":{"self":[{"href":"https:\/\/podcast.rs\/en\/wp-json\/wp\/v2\/posts\/394535","targetHints":{"allow":["GET"]}}],"collection":[{"href":"https:\/\/podcast.rs\/en\/wp-json\/wp\/v2\/posts"}],"about":[{"href":"https:\/\/podcast.rs\/en\/wp-json\/wp\/v2\/types\/post"}],"author":[{"embeddable":true,"href":"https:\/\/podcast.rs\/en\/wp-json\/wp\/v2\/users\/6"}],"replies":[{"embeddable":true,"href":"https:\/\/podcast.rs\/en\/wp-json\/wp\/v2\/comments?post=394535"}],"version-history":[{"count":0,"href":"https:\/\/podcast.rs\/en\/wp-json\/wp\/v2\/posts\/394535\/revisions"}],"wp:featuredmedia":[{"embeddable":true,"href":"https:\/\/podcast.rs\/en\/wp-json\/wp\/v2\/media\/145892"}],"wp:attachment":[{"href":"https:\/\/podcast.rs\/en\/wp-json\/wp\/v2\/media?parent=394535"}],"wp:term":[{"taxonomy":"category","embeddable":true,"href":"https:\/\/podcast.rs\/en\/wp-json\/wp\/v2\/categories?post=394535"},{"taxonomy":"post_tag","embeddable":true,"href":"https:\/\/podcast.rs\/en\/wp-json\/wp\/v2\/tags?post=394535"}],"curies":[{"name":"wp","href":"https:\/\/api.w.org\/{rel}","templated":true}]}}