{"id":393699,"date":"2025-08-07T20:00:01","date_gmt":"2025-08-07T18:00:01","guid":{"rendered":"https:\/\/podcast.rs\/?p=393699"},"modified":"2025-08-07T20:34:13","modified_gmt":"2025-08-07T18:34:13","slug":"nemanja-djuric-sindikat-sudske-vlasti-jpj-213","status":"publish","type":"post","link":"https:\/\/podcast.rs\/en\/nemanja-djuric-sindikat-sudske-vlasti-jpj-213\/","title":{"rendered":"Nemanja \u0110uri\u0107 : : Sindikat sudske vlasti : : JPJ 213"},"content":{"rendered":"<p>Nemanja \u0110uri\u0107 je predsednik Sindikata sudske vlasti i vi\u0161i sudijski saradnik u Vi\u0161em sudu u Beogradu.<\/p>\n<p>Ro\u0111en je 1991. godine u Obrenovcu, gde je zavr\u0161io osnovnu i srednju \u0161kolu \u2013 dru\u0161tveno-jezi\u010dki smer Gimnazije. Pravni fakultet Univerziteta u Beogradu, smer pravosudno-upravni, upisao je 2010. godine, a diplomirao 2016.<\/p>\n<p>Prvo iskustvo u pravosu\u0111u sti\u010de kao volonter u Osnovnom sudu u Obrenovcu, zatim i kao sudijski pripravnik, najpre na odre\u0111eno vreme, a potom, nakon polo\u017eenog pravosudnog ispita 2019. godine, kao sudijski pomo\u0107nik \u2013 saradnik.<\/p>\n<p>Od kraja 2021. godine radi kao vi\u0161i sudijski saradnik \u2013 samostalni savetnik u Vi\u0161em sudu u Beogradu.<\/p>\n<p>Usavr\u0161avao se kroz niz obuka i konferencija, kako doma\u0107ih tako i me\u0111unarodnih \u2013 sa temama od digitalizacije pravosu\u0111a do za\u0161tite uzbunjiva\u010da, prava deteta i postupanja prema posebno osetljivim svedocima. Stekao je i specijalizovana znanja u oblasti prava nacionalnih manjina, rodne ravnopravnosti i maloleteni\u010dkog pravosu\u0111a.<\/p>\n<p>Bio je posmatra\u010d i u\u010desnik na sastancima i javnim raspravama koje se ti\u010du izmena Zakona o sudijama, Zakona o javnom tu\u017eila\u0161tvu i Zakona o Pravosudnoj akademiji.<\/p>\n<p>Nemanja je o\u017eenjen i otac jednog deteta.<\/p>\n<p><\/p>\n<p>Ako vam se dopao razgovor, kliknite na lajk i podelite ga dalje. Hvala i u\u017eivajte!<\/p>\n<p><\/p>\n<p>&#8211; &#8211; &#8211; \u00a0\ud83d\udcb3 \u00a0Podr\u017eite podkast:<\/p>\n<p>https:\/\/www.patreon.com\/ivancosic<\/p>\n<p>https:\/\/paypal.me\/ivancosic<\/p>\n<p>\ud83d\udd17 \u00a0Pridru\u017eite se networking grupi:<\/p>\n<p>https:\/\/www.facebook.com\/groups\/josgrupajedna<\/p>\n<p>Podr\u017ei \u017eivot &#8211; po\u0161alji SMS na 5757<\/p>\n<p>&#8211; &#8211; &#8211; \u00a0\u2615\ufe0f \u00a0\u00a0Sponzorstvo:<\/p>\n<p>Prvi sponzor podkasta je Beanz kafa. Beanz \u017eeli da bogat svet kafe u\u010dini pristupa\u010dnim svima nama.<\/p>\n<p>Kompletnu ponudu BeanZ kafe u zrnu mo\u017eete pogledati i poru\u010diti online, putem prodavnice https:\/\/www.kafeklub.online<\/p>\n<p>&#8211; &#8211; &#8211;<\/p>\n<p>Drugi sponzor podkasta je Scandinavian Design Centar, koji osmi\u0161ljavaju idejna re\u0161enja za Va\u0161 radni prostor sa proizvodima koji su nastali u Skandinaviji s ljubavlju.<\/p>\n<p>https:\/\/scandinaviandesign.center\/<\/p>\n<p>https:\/\/www.instagram.com\/scandinavian_design_center\/<\/p>\n<p>https:\/\/www.facebook.com\/scandinaviandesign.center\/<\/p>\n<p>&#8212;<\/p>\n<p>Naru\u010dite sjajne proizvode za brijanje i negu brade uz promo kod JPJ15 od mojih prijatelja https:\/\/www.groomingmasters.rs\/<\/p>\n<p>&#8211; &#8211; &#8211;<\/p>\n<p>Jo\u0161 podkast jedan je podkast Ivana \u0106osi\u0107a u kojem sa svojim prijateljima razgovara o aktuelnim stvarima iz svakodnevice i poslovnog okru\u017eenja.<\/p>\n<p>&#8211; &#8211; &#8211; \u00a0\ud83d\udc4d \u00a0Dru\u0161tvene mre\u017ee<\/p>\n<p>[ i ] https:\/\/www.instagram.com\/jospodkastjedan\/<\/p>\n<p>[ f ] https:\/\/twitter.com\/jospodkastjedan\/<\/p>\n<p>[ t ] https:\/\/www.facebook.com\/jospodkastjedan\/<\/p>\n<p><\/p>\n<p>Pridru\u017eite se zajednici na Viberu https:\/\/bit.ly\/JPJViber<\/p>\n","protected":false},"excerpt":{"rendered":"<p>Nemanja \u0110uri\u0107 je predsednik Sindikata sudske vlasti i vi\u0161i sudijski saradnik u Vi\u0161em sudu u Beogradu. Ro\u0111en je 1991. godine u Obrenovcu, gde je zavr\u0161io osnovnu i srednju \u0161kolu \u2013 dru\u0161tveno-jezi\u010dki smer Gimnazije. Pravni fakultet Univerziteta u Beogradu, smer pravosudno-upravni, upisao je 2010. godine, a diplomirao 2016. Prvo iskustvo u pravosu\u0111u sti\u010de kao volonter u&#8230;<\/p>","protected":false},"author":3,"featured_media":36960,"comment_status":"close","ping_status":"closed","sticky":false,"template":"","format":"audio","meta":{"footnotes":""},"categories":[273],"tags":[],"class_list":["post-393699","post","type-post","status-publish","format-audio","has-post-thumbnail","hentry","category-jos-podkast-jedan","post_format-post-format-audio"],"_links":{"self":[{"href":"https:\/\/podcast.rs\/en\/wp-json\/wp\/v2\/posts\/393699","targetHints":{"allow":["GET"]}}],"collection":[{"href":"https:\/\/podcast.rs\/en\/wp-json\/wp\/v2\/posts"}],"about":[{"href":"https:\/\/podcast.rs\/en\/wp-json\/wp\/v2\/types\/post"}],"author":[{"embeddable":true,"href":"https:\/\/podcast.rs\/en\/wp-json\/wp\/v2\/users\/3"}],"replies":[{"embeddable":true,"href":"https:\/\/podcast.rs\/en\/wp-json\/wp\/v2\/comments?post=393699"}],"version-history":[{"count":1,"href":"https:\/\/podcast.rs\/en\/wp-json\/wp\/v2\/posts\/393699\/revisions"}],"predecessor-version":[{"id":393700,"href":"https:\/\/podcast.rs\/en\/wp-json\/wp\/v2\/posts\/393699\/revisions\/393700"}],"wp:featuredmedia":[{"embeddable":true,"href":"https:\/\/podcast.rs\/en\/wp-json\/wp\/v2\/media\/36960"}],"wp:attachment":[{"href":"https:\/\/podcast.rs\/en\/wp-json\/wp\/v2\/media?parent=393699"}],"wp:term":[{"taxonomy":"category","embeddable":true,"href":"https:\/\/podcast.rs\/en\/wp-json\/wp\/v2\/categories?post=393699"},{"taxonomy":"post_tag","embeddable":true,"href":"https:\/\/podcast.rs\/en\/wp-json\/wp\/v2\/tags?post=393699"}],"curies":[{"name":"wp","href":"https:\/\/api.w.org\/{rel}","templated":true}]}}