{"id":392753,"date":"2025-08-04T15:30:43","date_gmt":"2025-08-04T15:30:43","guid":{"rendered":"https:\/\/podcast.rs\/?p=392753"},"modified":"2026-04-29T12:04:24","modified_gmt":"2026-04-29T10:04:24","slug":"draga-dijasporo-vrati-se-kuci","status":"publish","type":"post","link":"https:\/\/podcast.rs\/en\/draga-dijasporo-vrati-se-kuci\/","title":{"rendered":"&#8222;Draga dijasporo, vrati se ku\u0107i!&#8220;"},"content":{"rendered":"<p>U brojnim gradovima Bosne i Hercegovine pojavili su se bilbordi kojima se gra\u0111ani iz dijaspore pozivaju na povratak u domovinu. Kampanju predvodi Pokret \u201cSnaga domovine\u201d. Navodno, projekt se realizuje u saradnji sa  Federalnim ministarstvom za raseljene osobe i izbjeglice. Koliko je ova akcija obe\u0107avaju\u0107a? Kao podsticaj za povratnike najavljena je nov\u010dana podr\u0161ka pri pokretanju vlastitog biznisa. Istra\u017eujemo, razgovaramo s reporterom Amirom Su\u017enjem i ekonomskim stru\u010dnjakom Farukom Had\u017ei\u0107em.<\/p>","protected":false},"excerpt":{"rendered":"<p>U brojnim gradovima Bosne i Hercegovine pojavili su se bilbordi kojima se gra\u0111ani iz dijaspore pozivaju na povratak u domovinu. Kampanju predvodi Pokret \u201cSnaga domovine\u201d. Navodno, projekt se realizuje u saradnji sa Federalnim ministarstvom za raseljene osobe i izbjeglice. Koliko je ova akcija obe\u0107avaju\u0107a? Kao podsticaj za povratnike najavljena je nov\u010dana podr\u0161ka pri pokretanju vlastitog&#8230;<\/p>","protected":false},"author":3,"featured_media":48737,"comment_status":"close","ping_status":"closed","sticky":false,"template":"","format":"audio","meta":{"footnotes":""},"categories":[183],"tags":[],"class_list":["post-392753","post","type-post","status-publish","format-audio","has-post-thumbnail","hentry","category-cosmo","post_format-post-format-audio"],"_links":{"self":[{"href":"https:\/\/podcast.rs\/en\/wp-json\/wp\/v2\/posts\/392753","targetHints":{"allow":["GET"]}}],"collection":[{"href":"https:\/\/podcast.rs\/en\/wp-json\/wp\/v2\/posts"}],"about":[{"href":"https:\/\/podcast.rs\/en\/wp-json\/wp\/v2\/types\/post"}],"author":[{"embeddable":true,"href":"https:\/\/podcast.rs\/en\/wp-json\/wp\/v2\/users\/3"}],"replies":[{"embeddable":true,"href":"https:\/\/podcast.rs\/en\/wp-json\/wp\/v2\/comments?post=392753"}],"version-history":[{"count":2,"href":"https:\/\/podcast.rs\/en\/wp-json\/wp\/v2\/posts\/392753\/revisions"}],"predecessor-version":[{"id":659770,"href":"https:\/\/podcast.rs\/en\/wp-json\/wp\/v2\/posts\/392753\/revisions\/659770"}],"wp:featuredmedia":[{"embeddable":true,"href":"https:\/\/podcast.rs\/en\/wp-json\/wp\/v2\/media\/48737"}],"wp:attachment":[{"href":"https:\/\/podcast.rs\/en\/wp-json\/wp\/v2\/media?parent=392753"}],"wp:term":[{"taxonomy":"category","embeddable":true,"href":"https:\/\/podcast.rs\/en\/wp-json\/wp\/v2\/categories?post=392753"},{"taxonomy":"post_tag","embeddable":true,"href":"https:\/\/podcast.rs\/en\/wp-json\/wp\/v2\/tags?post=392753"}],"curies":[{"name":"wp","href":"https:\/\/api.w.org\/{rel}","templated":true}]}}