{"id":392022,"date":"2025-07-31T08:00:23","date_gmt":"2025-07-31T06:00:23","guid":{"rendered":"https:\/\/podcast.rs\/state-of-exit-2025-mobilne-mreze-pod-pritiskom-festivala\/"},"modified":"2025-07-31T08:00:23","modified_gmt":"2025-07-31T06:00:23","slug":"state-of-exit-2025-mobilne-mreze-pod-pritiskom-festivala","status":"publish","type":"post","link":"https:\/\/podcast.rs\/en\/state-of-exit-2025-mobilne-mreze-pod-pritiskom-festivala\/","title":{"rendered":"State of EXIT 2025: mobilne mre\u017ee pod pritiskom festivala"},"content":{"rendered":"<p>\ud83c\udfa7 State of EXIT 2025: mobilne mre\u017ee pod pritiskom festivala | TeleSrbija podcast \ud83c\udfa7 <\/p>\n<p>EXIT festival nije samo muzi\u010dki spektakl ve\u0107 i jedinstvena prilika za testiranje performansi mobilnih mre\u017ea u realnim uslovima ekstremne gustine korisnika. <\/p>\n<p>U tre\u0107oj godini nezavisnog merenja, tim TeleSrbija portala donosi najnovije uvide u to kako se mre\u017ee pona\u0161aju kada su najpotrebnije \u2013 tokom koncerata, livestreamova i objava koje se broje u milionima. <\/p>\n<p>U ovoj epizodi govorimo o metodologiji merenja, tehnologijama koje koristimo, rezultatima iz prethodnih godina i \u0161ta sve podaci govore o stanju mobilne infrastrukture u Srbiji. <\/p>\n<p>Saznajte koje mre\u017ee su se pokazale najpouzdanijima i kako izgledaju zakulisne operacije jednog od najkompleksnijih testiranja u digitalnom okru\u017eenju.<\/p>","protected":false},"excerpt":{"rendered":"<p>\ud83c\udfa7 State of EXIT 2025: mobilne mre\u017ee pod pritiskom festivala | TeleSrbija podcast \ud83c\udfa7 EXIT festival nije samo muzi\u010dki spektakl ve\u0107 i jedinstvena prilika za testiranje performansi mobilnih mre\u017ea u realnim uslovima ekstremne gustine korisnika. U tre\u0107oj godini nezavisnog merenja, tim TeleSrbija portala donosi najnovije uvide u to kako se mre\u017ee pona\u0161aju kada su najpotrebnije&#8230;<\/p>","protected":false},"author":4,"featured_media":113407,"comment_status":"","ping_status":"closed","sticky":false,"template":"","format":"standard","meta":{"footnotes":""},"categories":[611],"tags":[],"class_list":["post-392022","post","type-post","status-publish","format-standard","has-post-thumbnail","hentry","category-telesrbija"],"_links":{"self":[{"href":"https:\/\/podcast.rs\/en\/wp-json\/wp\/v2\/posts\/392022","targetHints":{"allow":["GET"]}}],"collection":[{"href":"https:\/\/podcast.rs\/en\/wp-json\/wp\/v2\/posts"}],"about":[{"href":"https:\/\/podcast.rs\/en\/wp-json\/wp\/v2\/types\/post"}],"author":[{"embeddable":true,"href":"https:\/\/podcast.rs\/en\/wp-json\/wp\/v2\/users\/4"}],"replies":[{"embeddable":true,"href":"https:\/\/podcast.rs\/en\/wp-json\/wp\/v2\/comments?post=392022"}],"version-history":[{"count":0,"href":"https:\/\/podcast.rs\/en\/wp-json\/wp\/v2\/posts\/392022\/revisions"}],"wp:featuredmedia":[{"embeddable":true,"href":"https:\/\/podcast.rs\/en\/wp-json\/wp\/v2\/media\/113407"}],"wp:attachment":[{"href":"https:\/\/podcast.rs\/en\/wp-json\/wp\/v2\/media?parent=392022"}],"wp:term":[{"taxonomy":"category","embeddable":true,"href":"https:\/\/podcast.rs\/en\/wp-json\/wp\/v2\/categories?post=392022"},{"taxonomy":"post_tag","embeddable":true,"href":"https:\/\/podcast.rs\/en\/wp-json\/wp\/v2\/tags?post=392022"}],"curies":[{"name":"wp","href":"https:\/\/api.w.org\/{rel}","templated":true}]}}