{"id":388643,"date":"2025-07-21T16:21:12","date_gmt":"2025-07-21T16:21:12","guid":{"rendered":"https:\/\/podcast.rs\/?p=388643"},"modified":"2026-04-29T12:04:25","modified_gmt":"2026-04-29T10:04:25","slug":"skrecu-li-studentski-protesti-u-srbiji-na-desno","status":"publish","type":"post","link":"https:\/\/podcast.rs\/en\/skrecu-li-studentski-protesti-u-srbiji-na-desno\/","title":{"rendered":"Skre\u0107u li studentski protesti u Srbiji na desno?"},"content":{"rendered":"<p>Pro\u0161lo je osam mjeseci a put protesta je sve kontroverzniji: vlast sna\u017eno uzvra\u0107a udarac, palice, suzavci, hap\u0161enja. Vidovdanski nacionalizam i govornici s desnice obilje\u017eili su posljednji veliki skup.Takti\u010dki potez ili znak dubljeg zaokreta i podjela? Kako na to gleda Europa, a kako susjedi? Vu\u010di\u0107 odbija izbore prije 2027., studenti ostaju uporni a blokade Beograda svakodnevne. Aleksandar Timofejev donosi pri\u010du s terena. Maja Mari\u0107 i aktivista Dejan Restak o potrebi politi\u010dkih odluka pokreta.<\/p>","protected":false},"excerpt":{"rendered":"<p>Pro\u0161lo je osam mjeseci a put protesta je sve kontroverzniji: vlast sna\u017eno uzvra\u0107a udarac, palice, suzavci, hap\u0161enja. Vidovdanski nacionalizam i govornici s desnice obilje\u017eili su posljednji veliki skup.Takti\u010dki potez ili znak dubljeg zaokreta i podjela? Kako na to gleda Europa, a kako susjedi? Vu\u010di\u0107 odbija izbore prije 2027., studenti ostaju uporni a blokade Beograda svakodnevne&#8230;.<\/p>","protected":false},"author":3,"featured_media":48737,"comment_status":"close","ping_status":"closed","sticky":false,"template":"","format":"audio","meta":{"footnotes":""},"categories":[183],"tags":[],"class_list":["post-388643","post","type-post","status-publish","format-audio","has-post-thumbnail","hentry","category-cosmo","post_format-post-format-audio"],"_links":{"self":[{"href":"https:\/\/podcast.rs\/en\/wp-json\/wp\/v2\/posts\/388643","targetHints":{"allow":["GET"]}}],"collection":[{"href":"https:\/\/podcast.rs\/en\/wp-json\/wp\/v2\/posts"}],"about":[{"href":"https:\/\/podcast.rs\/en\/wp-json\/wp\/v2\/types\/post"}],"author":[{"embeddable":true,"href":"https:\/\/podcast.rs\/en\/wp-json\/wp\/v2\/users\/3"}],"replies":[{"embeddable":true,"href":"https:\/\/podcast.rs\/en\/wp-json\/wp\/v2\/comments?post=388643"}],"version-history":[{"count":2,"href":"https:\/\/podcast.rs\/en\/wp-json\/wp\/v2\/posts\/388643\/revisions"}],"predecessor-version":[{"id":659778,"href":"https:\/\/podcast.rs\/en\/wp-json\/wp\/v2\/posts\/388643\/revisions\/659778"}],"wp:featuredmedia":[{"embeddable":true,"href":"https:\/\/podcast.rs\/en\/wp-json\/wp\/v2\/media\/48737"}],"wp:attachment":[{"href":"https:\/\/podcast.rs\/en\/wp-json\/wp\/v2\/media?parent=388643"}],"wp:term":[{"taxonomy":"category","embeddable":true,"href":"https:\/\/podcast.rs\/en\/wp-json\/wp\/v2\/categories?post=388643"},{"taxonomy":"post_tag","embeddable":true,"href":"https:\/\/podcast.rs\/en\/wp-json\/wp\/v2\/tags?post=388643"}],"curies":[{"name":"wp","href":"https:\/\/api.w.org\/{rel}","templated":true}]}}