{"id":388618,"date":"2025-07-21T09:55:01","date_gmt":"2025-07-21T07:55:01","guid":{"rendered":"https:\/\/podcast.rs\/?p=388618"},"modified":"2025-07-21T11:08:51","modified_gmt":"2025-07-21T09:08:51","slug":"hronologija-poricanja-genocida-u-srebrenici-u-srpskoj-politici","status":"publish","type":"post","link":"https:\/\/podcast.rs\/en\/hronologija-poricanja-genocida-u-srebrenici-u-srpskoj-politici\/","title":{"rendered":"Hronologija poricanja genocida u Srebrenici u srpskoj politici"},"content":{"rendered":"<p>Kako je tekao proces radikalizacije zvani\u010dnih politika Srbije i Republike Srpske prema genocidu u Srebrenici tokom protekle tri decenije i \u0161ta su bile prelomne ta\u010dke zaokreta strate\u0161kih naratova o ratu u biv\u0161oj Jugoslaviji i Bosni i Hercegovini?<\/p>","protected":false},"excerpt":{"rendered":"<p>Kako je tekao proces radikalizacije zvani\u010dnih politika Srbije i Republike Srpske prema genocidu u Srebrenici tokom protekle tri decenije i \u0161ta su bile prelomne ta\u010dke zaokreta strate\u0161kih naratova o ratu u biv\u0161oj Jugoslaviji i Bosni i Hercegovini?<\/p>","protected":false},"author":3,"featured_media":69730,"comment_status":"close","ping_status":"closed","sticky":false,"template":"","format":"audio","meta":{"footnotes":""},"categories":[207],"tags":[],"class_list":["post-388618","post","type-post","status-publish","format-audio","has-post-thumbnail","hentry","category-izmedju-redova","post_format-post-format-audio"],"_links":{"self":[{"href":"https:\/\/podcast.rs\/en\/wp-json\/wp\/v2\/posts\/388618","targetHints":{"allow":["GET"]}}],"collection":[{"href":"https:\/\/podcast.rs\/en\/wp-json\/wp\/v2\/posts"}],"about":[{"href":"https:\/\/podcast.rs\/en\/wp-json\/wp\/v2\/types\/post"}],"author":[{"embeddable":true,"href":"https:\/\/podcast.rs\/en\/wp-json\/wp\/v2\/users\/3"}],"replies":[{"embeddable":true,"href":"https:\/\/podcast.rs\/en\/wp-json\/wp\/v2\/comments?post=388618"}],"version-history":[{"count":1,"href":"https:\/\/podcast.rs\/en\/wp-json\/wp\/v2\/posts\/388618\/revisions"}],"predecessor-version":[{"id":388619,"href":"https:\/\/podcast.rs\/en\/wp-json\/wp\/v2\/posts\/388618\/revisions\/388619"}],"wp:featuredmedia":[{"embeddable":true,"href":"https:\/\/podcast.rs\/en\/wp-json\/wp\/v2\/media\/69730"}],"wp:attachment":[{"href":"https:\/\/podcast.rs\/en\/wp-json\/wp\/v2\/media?parent=388618"}],"wp:term":[{"taxonomy":"category","embeddable":true,"href":"https:\/\/podcast.rs\/en\/wp-json\/wp\/v2\/categories?post=388618"},{"taxonomy":"post_tag","embeddable":true,"href":"https:\/\/podcast.rs\/en\/wp-json\/wp\/v2\/tags?post=388618"}],"curies":[{"name":"wp","href":"https:\/\/api.w.org\/{rel}","templated":true}]}}