{"id":388453,"date":"2025-07-20T20:05:52","date_gmt":"2025-07-20T18:05:52","guid":{"rendered":"https:\/\/podcast.rs\/?p=388453"},"modified":"2025-07-20T20:38:57","modified_gmt":"2025-07-20T18:38:57","slug":"napustio-sam-fudbal-i-napravio-milionski-biznis-vedran-pusic-biznis-price-186","status":"publish","type":"post","link":"https:\/\/podcast.rs\/en\/napustio-sam-fudbal-i-napravio-milionski-biznis-vedran-pusic-biznis-price-186\/","title":{"rendered":"Napustio sam fudbal i napravio milionski biznis | Vedran Pu\u0161i\u010d | Biznis Pri\u010de 186"},"content":{"rendered":"<p>Vedran Pu\u0161i\u0107 gost je Vladimira Stankovi\u0107a u 186. epizodi podkasta Biznis pri\u010de. \ud83c\udf99Vedran Pu\u0161i\u0107 je osniva\u010d i CEO kompanije Info Media Group, lidera u oblasti ogla\u0161avanja na vozilima javnog prevoza (OOH). Karijeru je zapo\u010deo kao profesionalni fudbaler, ali je ubrzo zamenio sportsku karijeru preduzetni\u010dkim putem, prepoznaju\u0107i potencijal u ogla\u0161avanju na autobusima i tramvajima.Vi\u0161e od 20 godina kasnije, pod njegovim vo\u0111stvom Info Media Group posluje u preko 50 gradova \u0161irom Adria regiona i UAE. Kompanija je:pionir u brendiranju javnog prevoza u BiHdigitalizovala enterijere vozila i 2025. kre\u0107e s digitalizacijom eksterijeraobezbedila ekskluzivna prava za brendiranje tramvaja u Dubaijupotpisala strate\u0161ki ugovor sa RTA Dubai i najavila \u0161irenje na GCC tr\u017ei\u0161taVedran je danas prepoznat kao vizionar i investitor, aktivno prisutan na regionalnim konferencijama i podkastima, a Bloomberg Adria ga je krajem 2024. uvrstio me\u0111u 25 najuticajnijih ljudi regiona.U epizodi Biznis Pri\u010de otkriva kako je iz porodi\u010dnog biznisa stvorio globalnog igra\u010da i za\u0161to ga i dalje pokre\u0107e isti preduzetni\u010dki duh\u00a0kao\u00a0prvog\u00a0dana.<\/p>","protected":false},"excerpt":{"rendered":"<p>Vedran Pu\u0161i\u0107 gost je Vladimira Stankovi\u0107a u 186. epizodi podkasta Biznis pri\u010de. \ud83c\udf99Vedran Pu\u0161i\u0107 je osniva\u010d i CEO kompanije Info Media Group, lidera u oblasti ogla\u0161avanja na vozilima javnog prevoza (OOH). Karijeru je zapo\u010deo kao profesionalni fudbaler, ali je ubrzo zamenio sportsku karijeru preduzetni\u010dkim putem, prepoznaju\u0107i potencijal u ogla\u0161avanju na autobusima i tramvajima.Vi\u0161e od 20&#8230;<\/p>","protected":false},"author":3,"featured_media":45654,"comment_status":"close","ping_status":"closed","sticky":false,"template":"","format":"audio","meta":{"footnotes":""},"categories":[209],"tags":[],"class_list":["post-388453","post","type-post","status-publish","format-audio","has-post-thumbnail","hentry","category-biznis-price","post_format-post-format-audio"],"_links":{"self":[{"href":"https:\/\/podcast.rs\/en\/wp-json\/wp\/v2\/posts\/388453","targetHints":{"allow":["GET"]}}],"collection":[{"href":"https:\/\/podcast.rs\/en\/wp-json\/wp\/v2\/posts"}],"about":[{"href":"https:\/\/podcast.rs\/en\/wp-json\/wp\/v2\/types\/post"}],"author":[{"embeddable":true,"href":"https:\/\/podcast.rs\/en\/wp-json\/wp\/v2\/users\/3"}],"replies":[{"embeddable":true,"href":"https:\/\/podcast.rs\/en\/wp-json\/wp\/v2\/comments?post=388453"}],"version-history":[{"count":1,"href":"https:\/\/podcast.rs\/en\/wp-json\/wp\/v2\/posts\/388453\/revisions"}],"predecessor-version":[{"id":388454,"href":"https:\/\/podcast.rs\/en\/wp-json\/wp\/v2\/posts\/388453\/revisions\/388454"}],"wp:featuredmedia":[{"embeddable":true,"href":"https:\/\/podcast.rs\/en\/wp-json\/wp\/v2\/media\/45654"}],"wp:attachment":[{"href":"https:\/\/podcast.rs\/en\/wp-json\/wp\/v2\/media?parent=388453"}],"wp:term":[{"taxonomy":"category","embeddable":true,"href":"https:\/\/podcast.rs\/en\/wp-json\/wp\/v2\/categories?post=388453"},{"taxonomy":"post_tag","embeddable":true,"href":"https:\/\/podcast.rs\/en\/wp-json\/wp\/v2\/tags?post=388453"}],"curies":[{"name":"wp","href":"https:\/\/api.w.org\/{rel}","templated":true}]}}