{"id":388451,"date":"2025-07-20T18:00:38","date_gmt":"2025-07-20T16:00:38","guid":{"rendered":"https:\/\/podcast.rs\/ep-327-stefan-markovic-cins-i-podkasti-glasna-zica-tragovi-pojacalo-podcast\/"},"modified":"2025-07-20T18:00:38","modified_gmt":"2025-07-20T16:00:38","slug":"ep-327-stefan-markovic-cins-i-podkasti-glasna-zica-tragovi-pojacalo-podcast","status":"publish","type":"post","link":"https:\/\/podcast.rs\/en\/ep-327-stefan-markovic-cins-i-podkasti-glasna-zica-tragovi-pojacalo-podcast\/","title":{"rendered":"EP 327: Stefan Markovi\u0107, CINS i podkasti Glasna \u017eica &amp; Tragovi &#8211; Poja\u010dalo podcast"},"content":{"rendered":"<p>Epizoda koju \u0107ete zapo\u010deti sa osmehom, a zavr\u0161iti u ti\u0161ini.<\/p>\n<p>U ovoj epizodi Poja\u010dala, Ivan Mini\u0107 razgovara sa Stefanom Markovi\u0107em \u2013 novinarom CINS-a, autorom i koautorom narativnih podkasta Glasna \u017eica i Tragovi, biv\u0161im reperom i \u010dovekom koji je odlutao iz sveta knji\u017eevnosti u svet istra\u017eiva\u010dkog novinarstva, i ostao da se tu bori mikrofonom i re\u010dima.<br \/>\nKroz iskren i duhovit razgovor, Stefan otkriva svoj put od klinaca sa spu\u0161tenim pantalonama i rimama iz Ni\u0161a, preko rep scena i studentskih lutanja, do ozbiljnog bavljenja dru\u0161tveno va\u017enim temama. Govori o svojim po\u010decima u Ju\u017enim vestima, o va\u017enosti zanatskog pristupa novinarstvu i kako se istra\u017eiva\u010dko novinarstvo razlikuje od svakodnevnog izve\u0161tavanja. Delimo pri\u010de o pretnjama, o upornosti, o poku\u0161ajima da se svet u\u010dini makar malo razumljivijim \u2013 pa makar to bio svet pun apsurda i praznih obe\u0107anja.<br \/>\nStefan pri\u010da o tome kako su nastali Tragovi \u2013 potresni istra\u017eiva\u010dki podkast koji dokumentuje tragi\u010dne doga\u0111aje poput Ribnikara, Malog Ora\u0161ja, Dubone i rudarske nesre\u0107e u Aleksincu \u2013 kao i o tome kako je Glasna \u017eica nastala iz \u017eelje da se apsurdnost svakodnevice zabele\u017ei u formi koja je i anga\u017eovana i duhovita. Osvr\u0107emo se i na zna\u010daj naracije, osetljivosti pri radu sa sagovornicima i granici izme\u0111u novinara i \u010doveka.<\/p>\n<p>O \u010demu smo pri\u010dali:<br \/>\n&#8211; Najava epizode<br \/>\n&#8211; Po\u010detak razgovora<br \/>\n&#8211; Kad porastem bi\u0107u<br \/>\n&#8211; \u0160kolski dani i rep<br \/>\n&#8211; Ulazak u novinarstvo<br \/>\n&#8211; Balans u izve\u0161tavanju<br \/>\n&#8211; Novi po\u010detak u BG-u<br \/>\n&#8211; Po\u010detak podkasta<br \/>\n&#8211; Te\u0161ke pri\u010de<br \/>\n&#8211; Izazovi tokom snimanja<br \/>\n&#8211; Neobjavljeni materijal<br \/>\n&#8211; Plan za budu\u0107nost<\/p>\n<p>Podr\u017eite nas na BuyMeACoffee: <a href=\"https:\/\/bit.ly\/3uSBmoa\" rel=\"nofollow\">https:\/\/bit.ly\/3uSBmoa<\/a> <\/p>\n<p>Pro\u010ditajte transkript ove epizode: <a href=\"https:\/\/bit.ly\/4kKFpMF\" rel=\"nofollow\">https:\/\/bit.ly\/4kKFpMF<\/a> <\/p>\n<p>Posetite na\u0161 sajt i prijavite se na na\u0161u mailing listu: <a href=\"http:\/\/bit.ly\/2LUKSBG\" rel=\"nofollow\">http:\/\/bit.ly\/2LUKSBG<\/a> <\/p>\n<p>Prijavite se na na\u0161 YouTube kanal: <a href=\"http:\/\/bit.ly\/2Rgnu7o\" rel=\"nofollow\">http:\/\/bit.ly\/2Rgnu7o<\/a> <\/p>\n<p>Pratite Poja\u010dalo na dru\u0161tvenim mre\u017eama:<br \/>\nFacebook: <a href=\"http:\/\/bit.ly\/2FfwqCR\" rel=\"nofollow\">http:\/\/bit.ly\/2FfwqCR<\/a><br \/>\nTwitter: <a href=\"http:\/\/bit.ly\/2CVZoGr\" rel=\"nofollow\">http:\/\/bit.ly\/2CVZoGr<\/a><br \/>\nInstagram: <a href=\"http:\/\/bit.ly\/2RzGHjN\" rel=\"nofollow\">http:\/\/bit.ly\/2RzGHjN<\/a><\/p>","protected":false},"excerpt":{"rendered":"<p>Epizoda koju \u0107ete zapo\u010deti sa osmehom, a zavr\u0161iti\u2026<\/p>","protected":false},"author":3,"featured_media":388452,"comment_status":"","ping_status":"closed","sticky":false,"template":"","format":"standard","meta":{"footnotes":""},"categories":[30],"tags":[],"class_list":["post-388451","post","type-post","status-publish","format-standard","has-post-thumbnail","hentry","category-pojacalo"],"_links":{"self":[{"href":"https:\/\/podcast.rs\/en\/wp-json\/wp\/v2\/posts\/388451","targetHints":{"allow":["GET"]}}],"collection":[{"href":"https:\/\/podcast.rs\/en\/wp-json\/wp\/v2\/posts"}],"about":[{"href":"https:\/\/podcast.rs\/en\/wp-json\/wp\/v2\/types\/post"}],"author":[{"embeddable":true,"href":"https:\/\/podcast.rs\/en\/wp-json\/wp\/v2\/users\/3"}],"replies":[{"embeddable":true,"href":"https:\/\/podcast.rs\/en\/wp-json\/wp\/v2\/comments?post=388451"}],"version-history":[{"count":0,"href":"https:\/\/podcast.rs\/en\/wp-json\/wp\/v2\/posts\/388451\/revisions"}],"wp:featuredmedia":[{"embeddable":true,"href":"https:\/\/podcast.rs\/en\/wp-json\/wp\/v2\/media\/388452"}],"wp:attachment":[{"href":"https:\/\/podcast.rs\/en\/wp-json\/wp\/v2\/media?parent=388451"}],"wp:term":[{"taxonomy":"category","embeddable":true,"href":"https:\/\/podcast.rs\/en\/wp-json\/wp\/v2\/categories?post=388451"},{"taxonomy":"post_tag","embeddable":true,"href":"https:\/\/podcast.rs\/en\/wp-json\/wp\/v2\/tags?post=388451"}],"curies":[{"name":"wp","href":"https:\/\/api.w.org\/{rel}","templated":true}]}}