{"id":388447,"date":"2025-07-20T18:00:59","date_gmt":"2025-07-20T16:00:59","guid":{"rendered":"https:\/\/podcast.rs\/?p=388447"},"modified":"2025-07-20T19:44:51","modified_gmt":"2025-07-20T17:44:51","slug":"111-kako-koza-reaguje-na-stres-akne-dermatitis-psorijaza","status":"publish","type":"post","link":"https:\/\/podcast.rs\/en\/111-kako-koza-reaguje-na-stres-akne-dermatitis-psorijaza\/","title":{"rendered":"111 &#8211; Kako ko\u017ea reaguje na stres (akne, dermatitis, psorijaza,&#8230;)"},"content":{"rendered":"<p>Kako se ose\u0107aji odra\u017eavaju na ko\u017ei? Za\u0161to nas nekada doslovno \u201esvrbi iznutra\u201c? U novoj epizodi, psihijatar Roberto Gruji\u010di\u0107 razgovara sa dermatolo\u0161kinjom prof. dr Jelenom Stojkovi\u0107 Filipovi\u0107 o tesnoj vezi izme\u0111u psihe i ko\u017ee &#8211; vezi koju svakodnevno potcenjujemo, a koja nas jasno upozorava da telo i um ne funkcioni\u0161u odvojeno.<\/p>\n<p>Stres koji potiskujemo, napetosti koje ne prepoznajemo i promene kroz koje prolazimo &#8211; sve to ko\u017ea pamti. Psorijaza, dermatitis, akne, urtikarije &#8211; \u010desto su to ne samo dijagnoze, ve\u0107 i fizi\u010dki tragovi du\u0161evne nelagode. U ovoj epizodi govorimo o tome kako hroni\u010dni stres uti\u010de na ko\u017eu, da li &#8222;melemi&#8220; mogu zameniti prave terapije, i za\u0161to je klju\u010d le\u010denja negde na preseku izme\u0111u dermatologije i psihijatrije.<\/p>\n<p>Ovo nije razgovor samo za one sa ko\u017enim problemima &#8211; ovo je epizoda za sve koji veruju u li\u010dni rast, u prihvatanje promena i u balans izme\u0111u tela i duha. <\/p>\n<p>Promena je neizbe\u017ena &#8211; i prirodna. Ba\u0161 kao i voda, koja uvek na\u0111e svoj put, pozivamo vas da prona\u0111ete onaj koji vama najvi\u0161e odgovara.<\/p>\n<p>Prirodno je, menjam se.<\/p>\n<p>\ud83c\udfa7 Slu\u0161ajte nas i menjajte se s osmehom.<\/p>\n<p>\ud83d\udccc   Epizodu podr\u017eava Rosa &#8211; prirodna, ba\u0161 kao i promena<\/p>\n<p>Dodatni sadr\u017eaji su na raspolaganju i na YouTube kanalu za \u010dlanove, kao i na Patreonu. Podr\u017eite nas i pretplatite se za na\u0161e ekskluzivne sadr\u017eaje: <a target=\"_blank\" rel=\"noopener noreferrer nofollow\" href=\"https:\/\/www.patreon.com\/c\/dvaipopsihijatra\/\">https:\/\/www.patreon.com\/c\/dvaipopsihijatra\/<\/a><\/p>\n<p>\ud83d\udd14 Pretplatite se na kanal i uklju\u010dite obave\u0161tenja kako biste bili u toku sa novim epizodama!<\/p>\n<p>\ud83d\udce9 Pi\u0161ite nam utiske u komentarima, uvek smo raspolo\u017eeni da \u010dujemo va\u0161a mi\u0161ljenja, kritike i predloge.<\/p><\/p>","protected":false},"excerpt":{"rendered":"<p>Kako se ose\u0107aji odra\u017eavaju na ko\u017ei? Za\u0161to nas nekada doslovno \u201esvrbi iznutra\u201c? U novoj epizodi, psihijatar Roberto Gruji\u010di\u0107 razgovara sa dermatolo\u0161kinjom prof. dr Jelenom Stojkovi\u0107 Filipovi\u0107 o tesnoj vezi izme\u0111u psihe i ko\u017ee &#8211; vezi koju svakodnevno potcenjujemo, a koja nas jasno upozorava da telo i um ne funkcioni\u0161u odvojeno. Stres koji potiskujemo, napetosti koje&#8230;<\/p>","protected":false},"author":3,"featured_media":67456,"comment_status":"close","ping_status":"closed","sticky":false,"template":"","format":"audio","meta":{"footnotes":""},"categories":[493],"tags":[],"class_list":["post-388447","post","type-post","status-publish","format-audio","has-post-thumbnail","hentry","category-dva-i-po-psihijatra","post_format-post-format-audio"],"_links":{"self":[{"href":"https:\/\/podcast.rs\/en\/wp-json\/wp\/v2\/posts\/388447","targetHints":{"allow":["GET"]}}],"collection":[{"href":"https:\/\/podcast.rs\/en\/wp-json\/wp\/v2\/posts"}],"about":[{"href":"https:\/\/podcast.rs\/en\/wp-json\/wp\/v2\/types\/post"}],"author":[{"embeddable":true,"href":"https:\/\/podcast.rs\/en\/wp-json\/wp\/v2\/users\/3"}],"replies":[{"embeddable":true,"href":"https:\/\/podcast.rs\/en\/wp-json\/wp\/v2\/comments?post=388447"}],"version-history":[{"count":1,"href":"https:\/\/podcast.rs\/en\/wp-json\/wp\/v2\/posts\/388447\/revisions"}],"predecessor-version":[{"id":388448,"href":"https:\/\/podcast.rs\/en\/wp-json\/wp\/v2\/posts\/388447\/revisions\/388448"}],"wp:featuredmedia":[{"embeddable":true,"href":"https:\/\/podcast.rs\/en\/wp-json\/wp\/v2\/media\/67456"}],"wp:attachment":[{"href":"https:\/\/podcast.rs\/en\/wp-json\/wp\/v2\/media?parent=388447"}],"wp:term":[{"taxonomy":"category","embeddable":true,"href":"https:\/\/podcast.rs\/en\/wp-json\/wp\/v2\/categories?post=388447"},{"taxonomy":"post_tag","embeddable":true,"href":"https:\/\/podcast.rs\/en\/wp-json\/wp\/v2\/tags?post=388447"}],"curies":[{"name":"wp","href":"https:\/\/api.w.org\/{rel}","templated":true}]}}