{"id":387779,"date":"2025-07-16T22:39:40","date_gmt":"2025-07-16T20:39:40","guid":{"rendered":"https:\/\/podcast.rs\/98-stefan-decanski\/"},"modified":"2025-07-16T22:39:40","modified_gmt":"2025-07-16T20:39:40","slug":"98-stefan-decanski","status":"publish","type":"post","link":"https:\/\/podcast.rs\/en\/98-stefan-decanski\/","title":{"rendered":"98 &#8211; Stefan De\u010danski"},"content":{"rendered":"<p>Na\u0161i istori\u010dari Nikola \u0110uki\u0107 i Ivan Drlja\u010da danas otvaraju jo\u0161 jedno slojevito poglavlje o srpskoj srednjovekovnoj istoriji, pri\u010dom o Stefanu De\u010danskom &#8211; Stefanu Uro\u0161u III &#8211; vladaru \u010dija sudbina oscilira izme\u0111u svetosti i tragedije, politi\u010dke mudrosti i li\u010dne nesre\u0107e. Bio je sin kralja Milutina, otac kralja i cara Du\u0161ana i zatvorenik u Carigradu, ali njegova pri\u010da nije samo pri\u010da o borbi za presto, ve\u0107 i o slepilu &#8211; i fizi\u010dkom i politi\u010dkom &#8211; o vizijama, izdaji, opro\u0161taju, veri i raskolu izme\u0111u oca i sina koji je uzdrmao temelje dinastije Nemanji\u0107.<\/p>","protected":false},"excerpt":{"rendered":"<p>Na\u0161i istori\u010dari Nikola \u0110uki\u0107 i Ivan Drlja\u010da danas otvaraju jo\u0161 jedno slojevito poglavlje o srpskoj srednjovekovnoj istoriji, pri\u010dom o Stefanu De\u010danskom &#8211; Stefanu Uro\u0161u III &#8211; vladaru \u010dija sudbina oscilira izme\u0111u svetosti i tragedije, politi\u010dke mudrosti i li\u010dne nesre\u0107e. Bio je sin kralja Milutina, otac kralja i cara Du\u0161ana i zatvorenik u Carigradu, ali njegova&#8230;<\/p>","protected":false},"author":3,"featured_media":90497,"comment_status":"","ping_status":"closed","sticky":false,"template":"","format":"standard","meta":{"footnotes":""},"categories":[558],"tags":[],"class_list":["post-387779","post","type-post","status-publish","format-standard","has-post-thumbnail","hentry","category-historycast"],"_links":{"self":[{"href":"https:\/\/podcast.rs\/en\/wp-json\/wp\/v2\/posts\/387779","targetHints":{"allow":["GET"]}}],"collection":[{"href":"https:\/\/podcast.rs\/en\/wp-json\/wp\/v2\/posts"}],"about":[{"href":"https:\/\/podcast.rs\/en\/wp-json\/wp\/v2\/types\/post"}],"author":[{"embeddable":true,"href":"https:\/\/podcast.rs\/en\/wp-json\/wp\/v2\/users\/3"}],"replies":[{"embeddable":true,"href":"https:\/\/podcast.rs\/en\/wp-json\/wp\/v2\/comments?post=387779"}],"version-history":[{"count":0,"href":"https:\/\/podcast.rs\/en\/wp-json\/wp\/v2\/posts\/387779\/revisions"}],"wp:featuredmedia":[{"embeddable":true,"href":"https:\/\/podcast.rs\/en\/wp-json\/wp\/v2\/media\/90497"}],"wp:attachment":[{"href":"https:\/\/podcast.rs\/en\/wp-json\/wp\/v2\/media?parent=387779"}],"wp:term":[{"taxonomy":"category","embeddable":true,"href":"https:\/\/podcast.rs\/en\/wp-json\/wp\/v2\/categories?post=387779"},{"taxonomy":"post_tag","embeddable":true,"href":"https:\/\/podcast.rs\/en\/wp-json\/wp\/v2\/tags?post=387779"}],"curies":[{"name":"wp","href":"https:\/\/api.w.org\/{rel}","templated":true}]}}