{"id":387399,"date":"2025-07-14T15:06:14","date_gmt":"2025-07-14T13:06:14","guid":{"rendered":"https:\/\/podcast.rs\/crna-gora-i-albanija-idu-u-eu-srbija-i-bih-u-slepom-crevu\/"},"modified":"2025-07-14T15:06:14","modified_gmt":"2025-07-14T13:06:14","slug":"crna-gora-i-albanija-idu-u-eu-srbija-i-bih-u-slepom-crevu","status":"publish","type":"post","link":"https:\/\/podcast.rs\/en\/crna-gora-i-albanija-idu-u-eu-srbija-i-bih-u-slepom-crevu\/","title":{"rendered":"Crna Gora i Albanija idu u EU, Srbija i BiH u slepom crevu"},"content":{"rendered":"<p>Dobro do\u0161li u XCI izdanje Georeporta na portalu Velike pri\u010de. U prethodnoj epizodi bavili smo se gotovo isklju\u010divo Srbijom i donekle Kosovom, a u ovoj \u0107emo uklju\u010diti reflektore na druge zapadnobalkanske dr\u017eave.<\/p>\n<p>U poslednje dve godine do\u0161lo je do zna\u010dajnih promena u procesu evropskih integracija dr\u017eava Zapadnog Balkana. Crna Gora i Albanija su prepoznale i pravilno interpretirale ukazanu priliku i grabe ka \u010dlanstvu u EU do kraja ove decenije, dok sve ostale zemlje regiona, po\u010dev od Srbije, ozbiljno rizikuju da zavr\u0161e u zape\u0107ku Evrope sa svim negativnim posledicama koje nosi takav status.<\/p>\n<p>Promena vlasti u Podgorici omogu\u0107ila je Crnoj Gori da uhvati novi zalet u procesu pribli\u017eavanja EU, dok je albanski premijer Edi Rama demonstrirao koliko su politi\u010dka volja i re\u0161enost da se ispunjavaju uslovi iz evropske agende presudni za napredovanje u pregovara\u010dkom procesu.<\/p>\n<p>Do kraja godine, Crna Gora \u0107e imati vi\u0161e od tre\u0107ine poglavlja zatvoreno sa odli\u010dnom perspektivom da zatvori sva ostala do prve polovine 2027, dok \u0107e Albanija do kraja oktobra otvoriti sve klastere i nalazi se u dobroj poziciji da stigne Crnu Goru i da sa njom u\u0111e u paketu u EU 2029. godine.<\/p>\n<p>Na taj na\u010din bi Albanija zauzela mesto koje je trebalo da pripadne Srbiji. U odsustvu politi\u010dke volje i dvostrukoj igri vladaju\u0107eg re\u017eima u Beogradu koji je svesno minirao proces evropskih integracija Srbije, nekada\u0161nja najve\u0107a jugoslovenska republika \u0107e zavr\u0161iti u nekoj vrsti autoizolacije u slepom crevu Evrope.<\/p>\n<\/p>\n<hr>\n<p style='color:grey;font-size:0.75em'> Hosted on Acast. See <a style='color:grey' target='_blank' rel=\"noopener noreferrer\" href='https:\/\/acast.com\/privacy'>acast.com\/privacy<\/a> for more information.<\/p>","protected":false},"excerpt":{"rendered":"<p>U poslednje dve godine do\u0161lo je do zna\u010dajnih promena u procesu evropskih integracija dr\u017eava Zapadnog Balkana<\/p>","protected":false},"author":3,"featured_media":69343,"comment_status":"","ping_status":"closed","sticky":false,"template":"","format":"standard","meta":{"footnotes":""},"categories":[503],"tags":[],"class_list":["post-387399","post","type-post","status-publish","format-standard","has-post-thumbnail","hentry","category-pantelicev-georeport"],"_links":{"self":[{"href":"https:\/\/podcast.rs\/en\/wp-json\/wp\/v2\/posts\/387399","targetHints":{"allow":["GET"]}}],"collection":[{"href":"https:\/\/podcast.rs\/en\/wp-json\/wp\/v2\/posts"}],"about":[{"href":"https:\/\/podcast.rs\/en\/wp-json\/wp\/v2\/types\/post"}],"author":[{"embeddable":true,"href":"https:\/\/podcast.rs\/en\/wp-json\/wp\/v2\/users\/3"}],"replies":[{"embeddable":true,"href":"https:\/\/podcast.rs\/en\/wp-json\/wp\/v2\/comments?post=387399"}],"version-history":[{"count":0,"href":"https:\/\/podcast.rs\/en\/wp-json\/wp\/v2\/posts\/387399\/revisions"}],"wp:featuredmedia":[{"embeddable":true,"href":"https:\/\/podcast.rs\/en\/wp-json\/wp\/v2\/media\/69343"}],"wp:attachment":[{"href":"https:\/\/podcast.rs\/en\/wp-json\/wp\/v2\/media?parent=387399"}],"wp:term":[{"taxonomy":"category","embeddable":true,"href":"https:\/\/podcast.rs\/en\/wp-json\/wp\/v2\/categories?post=387399"},{"taxonomy":"post_tag","embeddable":true,"href":"https:\/\/podcast.rs\/en\/wp-json\/wp\/v2\/tags?post=387399"}],"curies":[{"name":"wp","href":"https:\/\/api.w.org\/{rel}","templated":true}]}}