{"id":386845,"date":"2025-07-11T13:13:52","date_gmt":"2025-07-11T11:13:52","guid":{"rendered":"https:\/\/podcast.rs\/?p=386845"},"modified":"2025-07-11T14:58:59","modified_gmt":"2025-07-11T12:58:59","slug":"srebrenica-30-godina-2","status":"publish","type":"post","link":"https:\/\/podcast.rs\/en\/srebrenica-30-godina-2\/","title":{"rendered":"Srebrenica \u2013 30 godina, 2"},"content":{"rendered":"<p>Svedo\u010denje Dra\u017eena Erdemovi\u0107a pred Ha\u0161kim sudom, vojnika vojske bosanskih Srba, koji je u julu 1995. na vojnoj ekonomiji Branjevo \u201eubio oko 70 osoba\u201c. Svedo\u010denje Ahme Hasi\u0107a koji je jedan od \u0161estorice ljudi koji su pre\u017eiveli streljanje na farmi Branjevo. Snimci Me\u0111unarodnog rezidualnog mehanizma za krivi\u010dne sudove iz Haga. Realizovano u saradnji sa Pro Peace (forumZFD).<\/p>","protected":false},"excerpt":{"rendered":"<p>Svedo\u010denje Dra\u017eena Erdemovi\u0107a pred Ha\u0161kim sudom, vojnika vojske bosanskih Srba, koji je u julu 1995. na vojnoj ekonomiji Branjevo \u201eubio oko 70 osoba\u201c. Svedo\u010denje Ahme Hasi\u0107a koji je jedan od \u0161estorice ljudi koji su pre\u017eiveli streljanje na farmi Branjevo. Snimci Me\u0111unarodnog rezidualnog mehanizma za krivi\u010dne sudove iz Haga. Realizovano u saradnji sa Pro Peace (forumZFD).<\/p>","protected":false},"author":3,"featured_media":6194,"comment_status":"close","ping_status":"closed","sticky":false,"template":"","format":"audio","meta":{"footnotes":""},"categories":[71],"tags":[],"class_list":["post-386845","post","type-post","status-publish","format-audio","has-post-thumbnail","hentry","category-pescanik","post_format-post-format-audio"],"_links":{"self":[{"href":"https:\/\/podcast.rs\/en\/wp-json\/wp\/v2\/posts\/386845","targetHints":{"allow":["GET"]}}],"collection":[{"href":"https:\/\/podcast.rs\/en\/wp-json\/wp\/v2\/posts"}],"about":[{"href":"https:\/\/podcast.rs\/en\/wp-json\/wp\/v2\/types\/post"}],"author":[{"embeddable":true,"href":"https:\/\/podcast.rs\/en\/wp-json\/wp\/v2\/users\/3"}],"replies":[{"embeddable":true,"href":"https:\/\/podcast.rs\/en\/wp-json\/wp\/v2\/comments?post=386845"}],"version-history":[{"count":1,"href":"https:\/\/podcast.rs\/en\/wp-json\/wp\/v2\/posts\/386845\/revisions"}],"predecessor-version":[{"id":386846,"href":"https:\/\/podcast.rs\/en\/wp-json\/wp\/v2\/posts\/386845\/revisions\/386846"}],"wp:featuredmedia":[{"embeddable":true,"href":"https:\/\/podcast.rs\/en\/wp-json\/wp\/v2\/media\/6194"}],"wp:attachment":[{"href":"https:\/\/podcast.rs\/en\/wp-json\/wp\/v2\/media?parent=386845"}],"wp:term":[{"taxonomy":"category","embeddable":true,"href":"https:\/\/podcast.rs\/en\/wp-json\/wp\/v2\/categories?post=386845"},{"taxonomy":"post_tag","embeddable":true,"href":"https:\/\/podcast.rs\/en\/wp-json\/wp\/v2\/tags?post=386845"}],"curies":[{"name":"wp","href":"https:\/\/api.w.org\/{rel}","templated":true}]}}