{"id":386476,"date":"2025-07-09T15:30:37","date_gmt":"2025-07-09T15:30:37","guid":{"rendered":"https:\/\/podcast.rs\/?p=386476"},"modified":"2026-04-29T12:04:25","modified_gmt":"2026-04-29T10:04:25","slug":"srebrenica-manifestacije-i-marsevi-mira-u-njemackoj","status":"publish","type":"post","link":"https:\/\/podcast.rs\/en\/srebrenica-manifestacije-i-marsevi-mira-u-njemackoj\/","title":{"rendered":"Srebrenica: Manifestacije i mar\u0161evi mira u Njema\u010dkoj"},"content":{"rendered":"<p>Trideset godina nakon genocida u Srebrenici, sje\u0107anje na \u017ertve \u017eivi kroz brojne komemoracije diljem BiH, Njema\u010dke i svijeta. Bundestag, kulturne institucije, brojne udruge i mediji \u0161alju sna\u017enu poruku da se najve\u0107i zlo\u010din nakon Drugog svijetskog rata nikada ne zaboravi. Maja Mari\u0107 razgovara s dr. Edvinom Destanovi\u0107em iz udruge Amanet o Mar\u0161u mira koji se ve\u0107 desetu godinu odr\u017eava u Dortmundu. Nenad Kreizer govori izmedju ostalog o sve \u010de\u0161\u0107im pozivima da se Srebrenica uvrsti u \u0161kolske kurikulume.<\/p>","protected":false},"excerpt":{"rendered":"<p>Trideset godina nakon genocida u Srebrenici, sje\u0107anje na \u017ertve \u017eivi kroz brojne komemoracije diljem BiH, Njema\u010dke i svijeta. Bundestag, kulturne institucije, brojne udruge i mediji \u0161alju sna\u017enu poruku da se najve\u0107i zlo\u010din nakon Drugog svijetskog rata nikada ne zaboravi. Maja Mari\u0107 razgovara s dr. Edvinom Destanovi\u0107em iz udruge Amanet o Mar\u0161u mira koji se ve\u0107&#8230;<\/p>","protected":false},"author":3,"featured_media":48737,"comment_status":"close","ping_status":"closed","sticky":false,"template":"","format":"audio","meta":{"footnotes":""},"categories":[183],"tags":[],"class_list":["post-386476","post","type-post","status-publish","format-audio","has-post-thumbnail","hentry","category-cosmo","post_format-post-format-audio"],"_links":{"self":[{"href":"https:\/\/podcast.rs\/en\/wp-json\/wp\/v2\/posts\/386476","targetHints":{"allow":["GET"]}}],"collection":[{"href":"https:\/\/podcast.rs\/en\/wp-json\/wp\/v2\/posts"}],"about":[{"href":"https:\/\/podcast.rs\/en\/wp-json\/wp\/v2\/types\/post"}],"author":[{"embeddable":true,"href":"https:\/\/podcast.rs\/en\/wp-json\/wp\/v2\/users\/3"}],"replies":[{"embeddable":true,"href":"https:\/\/podcast.rs\/en\/wp-json\/wp\/v2\/comments?post=386476"}],"version-history":[{"count":2,"href":"https:\/\/podcast.rs\/en\/wp-json\/wp\/v2\/posts\/386476\/revisions"}],"predecessor-version":[{"id":659786,"href":"https:\/\/podcast.rs\/en\/wp-json\/wp\/v2\/posts\/386476\/revisions\/659786"}],"wp:featuredmedia":[{"embeddable":true,"href":"https:\/\/podcast.rs\/en\/wp-json\/wp\/v2\/media\/48737"}],"wp:attachment":[{"href":"https:\/\/podcast.rs\/en\/wp-json\/wp\/v2\/media?parent=386476"}],"wp:term":[{"taxonomy":"category","embeddable":true,"href":"https:\/\/podcast.rs\/en\/wp-json\/wp\/v2\/categories?post=386476"},{"taxonomy":"post_tag","embeddable":true,"href":"https:\/\/podcast.rs\/en\/wp-json\/wp\/v2\/tags?post=386476"}],"curies":[{"name":"wp","href":"https:\/\/api.w.org\/{rel}","templated":true}]}}