{"id":385904,"date":"2025-07-06T18:00:53","date_gmt":"2025-07-06T16:00:53","guid":{"rendered":"https:\/\/podcast.rs\/?p=385904"},"modified":"2025-07-06T18:18:54","modified_gmt":"2025-07-06T16:18:54","slug":"109-psihijatri-reaguju-na-vase-komentare","status":"publish","type":"post","link":"https:\/\/podcast.rs\/en\/109-psihijatri-reaguju-na-vase-komentare\/","title":{"rendered":"109 &#8211; Psihijatri reaguju na va\u0161e komentare"},"content":{"rendered":"<p>U ovoj neuobi\u010dajenoj, iskrenoj i brutalno zabavnoj epizodi, Valentino i Renato, Fernando, Enrike preplanuli, pardon, Mihailo i Roberto \u010ditaju, analiziraju i reaguju na komentare svojih pratilaca &#8211; od pa\u017eljivo promi\u0161ljenih pitanja do onih krajnje uvredljivih. Da, \u010ditaju i hejterske komentare. Ali ne zato da bi uzvratili, ve\u0107 da bi pokazali kako se i iz najneo\u010dekivanijih mesta mo\u017ee izvu\u0107i prostor za rast.<\/p>\n<p>(Dobro, malo su sve uvredili, od kolega do naroda i nacija, kenselova\u0107e ih, ali to sad nije tema)<\/p>\n<p>Ova epizoda je zapravo mala studija o psihologiji javne re\u010di i o tome kako (ne)poznati ljudi uti\u010du jedni na druge u digitalnoj areni. Uz dozu humora, samoironije i profesionalnog uvida, autori razgovaraju o tome kako zadr\u017eati mentalnu stabilnost u vremenu kada je izlo\u017eenost neizbe\u017ena, i kako ostati svoj i kada komentatori i sredina u kojoj obitava\u0161 \u017eele da promeni\u0161 sve \u0161to jesi.<\/p>\n<p>Jer promena je neizbe\u017ena i jedina konstanta. I dok se menjamo &#8211; bilo zbog li\u010dnih uvida, novih uloga, kritike ili sopstvenog razvoja &#8211; va\u017eno je da te promene dolaze iznutra, a ne iz straha od tu\u0111eg mi\u0161ljenja.<\/p>\n<p>Podse\u0107amo da i najgrublji komentari mogu postati okida\u010d za refleksiju &#8211; ali i granica koju imamo pravo da postavimo. Menjati se sa osmehom ne zna\u010di biti pasivan &#8211; ve\u0107 birati koje promene nas zaista vode napred.<\/p>\n<p>Prirodno je. Menjam se.<\/p>\n<p>Menjam se jer u\u010dim. Menjam se jer rastem. Ali ne, ne menjam se jer mi je neko u komentaru rekao da ne\u0161to moram.<\/p>\n<p>\ud83d\udccc   Epizodu podr\u017eava Rosa &#8211; prirodna, ba\u0161 kao i promena<\/p><\/p>","protected":false},"excerpt":{"rendered":"<p>U ovoj neuobi\u010dajenoj, iskrenoj i brutalno zabavnoj epizodi, Valentino i Renato, Fernando, Enrike preplanuli, pardon, Mihailo i Roberto \u010ditaju, analiziraju i reaguju na komentare svojih pratilaca &#8211; od pa\u017eljivo promi\u0161ljenih pitanja do onih krajnje uvredljivih. Da, \u010ditaju i hejterske komentare. Ali ne zato da bi uzvratili, ve\u0107 da bi pokazali kako se i iz najneo\u010dekivanijih&#8230;<\/p>","protected":false},"author":3,"featured_media":67456,"comment_status":"close","ping_status":"closed","sticky":false,"template":"","format":"audio","meta":{"footnotes":""},"categories":[493],"tags":[],"class_list":["post-385904","post","type-post","status-publish","format-audio","has-post-thumbnail","hentry","category-dva-i-po-psihijatra","post_format-post-format-audio"],"_links":{"self":[{"href":"https:\/\/podcast.rs\/en\/wp-json\/wp\/v2\/posts\/385904","targetHints":{"allow":["GET"]}}],"collection":[{"href":"https:\/\/podcast.rs\/en\/wp-json\/wp\/v2\/posts"}],"about":[{"href":"https:\/\/podcast.rs\/en\/wp-json\/wp\/v2\/types\/post"}],"author":[{"embeddable":true,"href":"https:\/\/podcast.rs\/en\/wp-json\/wp\/v2\/users\/3"}],"replies":[{"embeddable":true,"href":"https:\/\/podcast.rs\/en\/wp-json\/wp\/v2\/comments?post=385904"}],"version-history":[{"count":1,"href":"https:\/\/podcast.rs\/en\/wp-json\/wp\/v2\/posts\/385904\/revisions"}],"predecessor-version":[{"id":385905,"href":"https:\/\/podcast.rs\/en\/wp-json\/wp\/v2\/posts\/385904\/revisions\/385905"}],"wp:featuredmedia":[{"embeddable":true,"href":"https:\/\/podcast.rs\/en\/wp-json\/wp\/v2\/media\/67456"}],"wp:attachment":[{"href":"https:\/\/podcast.rs\/en\/wp-json\/wp\/v2\/media?parent=385904"}],"wp:term":[{"taxonomy":"category","embeddable":true,"href":"https:\/\/podcast.rs\/en\/wp-json\/wp\/v2\/categories?post=385904"},{"taxonomy":"post_tag","embeddable":true,"href":"https:\/\/podcast.rs\/en\/wp-json\/wp\/v2\/tags?post=385904"}],"curies":[{"name":"wp","href":"https:\/\/api.w.org\/{rel}","templated":true}]}}