{"id":385902,"date":"2025-07-06T16:17:00","date_gmt":"2025-07-06T14:17:00","guid":{"rendered":"https:\/\/podcast.rs\/?p=385902"},"modified":"2025-07-06T17:56:48","modified_gmt":"2025-07-06T15:56:48","slug":"dnevna-soba-nebojsa-conkic-conta","status":"publish","type":"post","link":"https:\/\/podcast.rs\/en\/dnevna-soba-nebojsa-conkic-conta\/","title":{"rendered":"Dnevna soba: Neboj\u0161a \u010conki\u0107 \u010conta"},"content":{"rendered":"<p>Gotovo da nema velikog, \u010dak i ne tako popularnog muzi\u010dkog imena na svetskoj sceni, a da o tom izvo\u0111a\u010du ili bendu nije objavljena barem jedna kjniga. Kod nas to jo\u0161 uvek nije slu\u010daj, iako smo u poslednje vreme mogli da se upoznamo sa zanimlivom knjigom o Bajagi, kroz fotografije i pesme, tu je par knjiga o D\u017eoniju \u0160tuli\u0107u, Canetu i naravno EKV-u. Lokalnu legendu koja, pokaza\u0107e se, sija sjajem i to ne udaljene zvezde, sasvim opravdava jedno nedavno objavljeno delo u kome mo\u017eemo saznati detalje ne samo o\u00a0<strong>Neboj\u0161i \u010conki\u0107u \u010conti<\/strong>\u00a0i njegovom radu, ve\u0107 i o njegovoj porodici, uz dosta privatnih detalja. Koliko je bend\u00a0<em>Pekin\u0161ka Patka<\/em>\u00a0bio va\u017ean mo\u017eda ne mora posebno da se apostrofira, ali \u010dinjenica je da je danas \u010conta, sa bendom\u00a0<em>Profesor \u010conta i Patka<\/em>\u00a0koncertno aktivan i veoma uspe\u0161an u regionu. Tako\u0111e, planira rad i na novim pesmama, \u0161to celu pri\u010du zaokru\u017euje. Jedan od retkih autora koji se upustio u spisateljsko putovanje rok muzikom,\u00a0<strong>Bogomir Bogica Mijatovi\u0107<\/strong>\u00a0mo\u017eda je i jedini koji ima puno pravo i dovoljno znanja da sve to preto\u010di u delo koje je obavezno na policama svakog novosadskog rokera. Pred nama je &#8222;Ru\u017ean, pametan i mlad&#8220;, knjiga koju je objavio novosadski SKCNS.<\/p>","protected":false},"excerpt":{"rendered":"<p>Gotovo da nema velikog, \u010dak i ne tako popularnog muzi\u010dkog imena na svetskoj sceni, a da o tom izvo\u0111a\u010du ili bendu nije objavljena barem jedna kjniga. Kod nas to jo\u0161 uvek nije slu\u010daj, iako smo u poslednje vreme mogli da se upoznamo sa zanimlivom knjigom o Bajagi, kroz fotografije i pesme, tu je par knjiga&#8230;<\/p>","protected":false},"author":3,"featured_media":54584,"comment_status":"close","ping_status":"closed","sticky":false,"template":"","format":"audio","meta":{"footnotes":""},"categories":[431],"tags":[],"class_list":["post-385902","post","type-post","status-publish","format-audio","has-post-thumbnail","hentry","category-dnevna-soba","post_format-post-format-audio"],"_links":{"self":[{"href":"https:\/\/podcast.rs\/en\/wp-json\/wp\/v2\/posts\/385902","targetHints":{"allow":["GET"]}}],"collection":[{"href":"https:\/\/podcast.rs\/en\/wp-json\/wp\/v2\/posts"}],"about":[{"href":"https:\/\/podcast.rs\/en\/wp-json\/wp\/v2\/types\/post"}],"author":[{"embeddable":true,"href":"https:\/\/podcast.rs\/en\/wp-json\/wp\/v2\/users\/3"}],"replies":[{"embeddable":true,"href":"https:\/\/podcast.rs\/en\/wp-json\/wp\/v2\/comments?post=385902"}],"version-history":[{"count":1,"href":"https:\/\/podcast.rs\/en\/wp-json\/wp\/v2\/posts\/385902\/revisions"}],"predecessor-version":[{"id":385903,"href":"https:\/\/podcast.rs\/en\/wp-json\/wp\/v2\/posts\/385902\/revisions\/385903"}],"wp:featuredmedia":[{"embeddable":true,"href":"https:\/\/podcast.rs\/en\/wp-json\/wp\/v2\/media\/54584"}],"wp:attachment":[{"href":"https:\/\/podcast.rs\/en\/wp-json\/wp\/v2\/media?parent=385902"}],"wp:term":[{"taxonomy":"category","embeddable":true,"href":"https:\/\/podcast.rs\/en\/wp-json\/wp\/v2\/categories?post=385902"},{"taxonomy":"post_tag","embeddable":true,"href":"https:\/\/podcast.rs\/en\/wp-json\/wp\/v2\/tags?post=385902"}],"curies":[{"name":"wp","href":"https:\/\/api.w.org\/{rel}","templated":true}]}}