{"id":385341,"date":"2025-07-03T08:00:44","date_gmt":"2025-07-03T06:00:44","guid":{"rendered":"https:\/\/podcast.rs\/kako-se-menjala-sim-kartica-i-sta-sve-krije\/"},"modified":"2025-07-03T08:00:44","modified_gmt":"2025-07-03T06:00:44","slug":"kako-se-menjala-sim-kartica-i-sta-sve-krije","status":"publish","type":"post","link":"https:\/\/podcast.rs\/en\/kako-se-menjala-sim-kartica-i-sta-sve-krije\/","title":{"rendered":"Kako se menjala SIM kartica i \u0161ta sve krije?"},"content":{"rendered":"<p>\ud83c\udfa7 Kako se menjala SIM kartica i \u0161ta sve krije? | TeleSrbija podcast \ud83c\udfa7 <\/p>\n<p>U ovoj epizodi Telesrbija podkasta vra\u0107amo se na po\u010detak jedne male, ali klju\u010dne komponente mobilne komunikacije \u2013 SIM kartice. <\/p>\n<p>Pri\u010damo o tome kada je nastala prva SIM kartica, kako je izgledala, \u0161ta smo sve \u010duvali na njoj i kako se njen kapacitet i oblik menjaju kroz vreme. Od ogromnih kartica do dana\u0161njih eSIM re\u0161enja \u2013 pratimo evoluciju ovog &#8222;klju\u010da&#8220; mobilne mre\u017ee. <\/p>\n<p>Tako\u0111e govorimo o tome za\u0161to danas imamo vi\u0161e brojeva, vi\u0161e SIM kartica i \u0161ta to govori o na\u010dinu na koji koristimo mobilne ure\u0111aje. <\/p>\n<p>Ne zaboravite i da se pretplatite na na\u0161 kanal i obavezno aktivirajte zvonce da ne biste propustili nijednu novu epizodu TeleSrbija podcasta!<\/p>","protected":false},"excerpt":{"rendered":"<p>\ud83c\udfa7 Kako se menjala SIM kartica i \u0161ta sve krije? | TeleSrbija podcast \ud83c\udfa7 U ovoj epizodi Telesrbija podkasta vra\u0107amo se na po\u010detak jedne male, ali klju\u010dne komponente mobilne komunikacije \u2013 SIM kartice. Pri\u010damo o tome kada je nastala prva SIM kartica, kako je izgledala, \u0161ta smo sve \u010duvali na njoj i kako se njen&#8230;<\/p>","protected":false},"author":4,"featured_media":113407,"comment_status":"","ping_status":"closed","sticky":false,"template":"","format":"standard","meta":{"footnotes":""},"categories":[611],"tags":[],"class_list":["post-385341","post","type-post","status-publish","format-standard","has-post-thumbnail","hentry","category-telesrbija"],"_links":{"self":[{"href":"https:\/\/podcast.rs\/en\/wp-json\/wp\/v2\/posts\/385341","targetHints":{"allow":["GET"]}}],"collection":[{"href":"https:\/\/podcast.rs\/en\/wp-json\/wp\/v2\/posts"}],"about":[{"href":"https:\/\/podcast.rs\/en\/wp-json\/wp\/v2\/types\/post"}],"author":[{"embeddable":true,"href":"https:\/\/podcast.rs\/en\/wp-json\/wp\/v2\/users\/4"}],"replies":[{"embeddable":true,"href":"https:\/\/podcast.rs\/en\/wp-json\/wp\/v2\/comments?post=385341"}],"version-history":[{"count":0,"href":"https:\/\/podcast.rs\/en\/wp-json\/wp\/v2\/posts\/385341\/revisions"}],"wp:featuredmedia":[{"embeddable":true,"href":"https:\/\/podcast.rs\/en\/wp-json\/wp\/v2\/media\/113407"}],"wp:attachment":[{"href":"https:\/\/podcast.rs\/en\/wp-json\/wp\/v2\/media?parent=385341"}],"wp:term":[{"taxonomy":"category","embeddable":true,"href":"https:\/\/podcast.rs\/en\/wp-json\/wp\/v2\/categories?post=385341"},{"taxonomy":"post_tag","embeddable":true,"href":"https:\/\/podcast.rs\/en\/wp-json\/wp\/v2\/tags?post=385341"}],"curies":[{"name":"wp","href":"https:\/\/api.w.org\/{rel}","templated":true}]}}