{"id":385181,"date":"2025-07-02T19:26:26","date_gmt":"2025-07-02T17:26:26","guid":{"rendered":"https:\/\/podcast.rs\/96-poslednji-srpski-despoti\/"},"modified":"2025-07-02T19:26:26","modified_gmt":"2025-07-02T17:26:26","slug":"96-poslednji-srpski-despoti","status":"publish","type":"post","link":"https:\/\/podcast.rs\/en\/96-poslednji-srpski-despoti\/","title":{"rendered":"96 &#8211; Poslednji srpski despoti"},"content":{"rendered":"<p><em>Podr\u017eite nas na Patreonu<\/em> \u27a1\ufe0f <a target=\"_blank\" rel=\"noopener noreferrer nofollow\" href=\"https:\/\/www.patreon.com\/c\/HistoryCast\">https:\/\/www.patreon.com\/c\/HistoryCast<\/a> <\/p>\n<p>U ovoj epizodi ne govorimo o bojevima, ve\u0107 o onome \u0161to dolazi nakon \u0161to zastave padnu. O despotima bez zemlje koji su nastavili da postoje, ne uprkos istoriji, ve\u0107 uzdu\u017e njenih pukotina. Pad Smedereva 1459. godine bio je kraj jedne epohe, kraj Srpske despotovine, ali ne i kraj pri\u010de. Brankovi\u0107i, pre svega sinovi Svetog Stefana, \u0110or\u0111e i Jovan, nisu nestali sa porazom. <\/p>\n<p>Naprotiv, sa sobom su poneli dr\u017eavni model, dvorsku kulturu, umetnost i ideju suverenosti, i preneli ih zajedno sa o\u010devim mo\u0161tima preko Save, u dvorove Ugarske. Tamo, u Sremu i Kupinovu (Kupiniku), me\u0111u novim gospodarima, srpski despoti su postali ne\u0161to izme\u0111u simbola i politi\u010dke alatke. <\/p>\n<p>Vuk Grgurevi\u0107 (Brankovi\u0107), poznat kao Zmaj Ognjeni Vuk, pretvoren je u epskog junaka, a bio je vladar sa stvarnim vojskama, ratovao pod ugarskom zastavom, ali sa despotovom titulom. Jovan Brankovi\u0107, poslednji u nizu Brankovi\u0107a, nosio je tu titulu vi\u0161e kao amanet nego kao vlast. Istori\u010dar Nikola \u0110uki\u0107 i istori\u010dar umetnosti Nikola Piperski mapiraju ovo neobi\u010dno poglavlje srpske istorije &#8211; jedno u kojem se dr\u017eava povukla, ali ideja opstala. Razgovaraju o tome kako se srpski srednjovekovni identitet preoblikovao u egzilu: kroz ikonopis, ktitorstva, politi\u010dke brakove i uporne poku\u0161aje da se sa\u010duva identitet u tu\u0111em carstvu.<\/p>","protected":false},"excerpt":{"rendered":"<p>Podr\u017eite nas na Patreonu \u27a1\ufe0f https:\/\/www.patreon.com\/c\/HistoryCast U ovoj epizodi ne govorimo o bojevima, ve\u0107 o onome \u0161to dolazi nakon \u0161to zastave padnu. O despotima bez zemlje koji su nastavili da postoje, ne uprkos istoriji, ve\u0107 uzdu\u017e njenih pukotina. Pad Smedereva 1459. godine bio je kraj jedne epohe, kraj Srpske despotovine, ali ne i kraj pri\u010de&#8230;.<\/p>","protected":false},"author":3,"featured_media":90497,"comment_status":"","ping_status":"closed","sticky":false,"template":"","format":"standard","meta":{"footnotes":""},"categories":[558],"tags":[],"class_list":["post-385181","post","type-post","status-publish","format-standard","has-post-thumbnail","hentry","category-historycast"],"_links":{"self":[{"href":"https:\/\/podcast.rs\/en\/wp-json\/wp\/v2\/posts\/385181","targetHints":{"allow":["GET"]}}],"collection":[{"href":"https:\/\/podcast.rs\/en\/wp-json\/wp\/v2\/posts"}],"about":[{"href":"https:\/\/podcast.rs\/en\/wp-json\/wp\/v2\/types\/post"}],"author":[{"embeddable":true,"href":"https:\/\/podcast.rs\/en\/wp-json\/wp\/v2\/users\/3"}],"replies":[{"embeddable":true,"href":"https:\/\/podcast.rs\/en\/wp-json\/wp\/v2\/comments?post=385181"}],"version-history":[{"count":0,"href":"https:\/\/podcast.rs\/en\/wp-json\/wp\/v2\/posts\/385181\/revisions"}],"wp:featuredmedia":[{"embeddable":true,"href":"https:\/\/podcast.rs\/en\/wp-json\/wp\/v2\/media\/90497"}],"wp:attachment":[{"href":"https:\/\/podcast.rs\/en\/wp-json\/wp\/v2\/media?parent=385181"}],"wp:term":[{"taxonomy":"category","embeddable":true,"href":"https:\/\/podcast.rs\/en\/wp-json\/wp\/v2\/categories?post=385181"},{"taxonomy":"post_tag","embeddable":true,"href":"https:\/\/podcast.rs\/en\/wp-json\/wp\/v2\/tags?post=385181"}],"curies":[{"name":"wp","href":"https:\/\/api.w.org\/{rel}","templated":true}]}}