{"id":384601,"date":"2025-06-30T15:30:52","date_gmt":"2025-06-30T15:30:52","guid":{"rendered":"https:\/\/podcast.rs\/?p=384601"},"modified":"2026-04-29T12:04:25","modified_gmt":"2026-04-29T10:04:25","slug":"protesti-u-srbiji-eskalacija-na-vidiku","status":"publish","type":"post","link":"https:\/\/podcast.rs\/en\/protesti-u-srbiji-eskalacija-na-vidiku\/","title":{"rendered":"Protesti u Srbiji &#8211; eskalacija na vidiku?"},"content":{"rendered":"<p>Prosvjedi protiv vlasti Aleksandra Vu\u010di\u0107a u Srbiji dosegnuli su novu razinu intenziteta. Demonstranti su iza\u0161li jo\u0161 jednom na ulice tra\u017ee\u0107i prijevremene izbore i optu\u017euju\u0107i vladu za korupciju i autoritarizam. Policija je reagirala nasiljem i uhi\u0107enjima, a vlast optu\u017euje prosvjednike za destabilizaciju dr\u017eave. Situacija ostaje napeta o \u010demu Maja Mari\u0107 razgovara s profesorom Bojanom Vrani\u0107em i kolegom Aleksandrom Timofejevim.<\/p>","protected":false},"excerpt":{"rendered":"<p>Prosvjedi protiv vlasti Aleksandra Vu\u010di\u0107a u Srbiji dosegnuli su novu razinu intenziteta. Demonstranti su iza\u0161li jo\u0161 jednom na ulice tra\u017ee\u0107i prijevremene izbore i optu\u017euju\u0107i vladu za korupciju i autoritarizam. Policija je reagirala nasiljem i uhi\u0107enjima, a vlast optu\u017euje prosvjednike za destabilizaciju dr\u017eave. Situacija ostaje napeta o \u010demu Maja Mari\u0107 razgovara s profesorom Bojanom Vrani\u0107em i&#8230;<\/p>","protected":false},"author":3,"featured_media":48737,"comment_status":"close","ping_status":"closed","sticky":false,"template":"","format":"audio","meta":{"footnotes":""},"categories":[183],"tags":[],"class_list":["post-384601","post","type-post","status-publish","format-audio","has-post-thumbnail","hentry","category-cosmo","post_format-post-format-audio"],"_links":{"self":[{"href":"https:\/\/podcast.rs\/en\/wp-json\/wp\/v2\/posts\/384601","targetHints":{"allow":["GET"]}}],"collection":[{"href":"https:\/\/podcast.rs\/en\/wp-json\/wp\/v2\/posts"}],"about":[{"href":"https:\/\/podcast.rs\/en\/wp-json\/wp\/v2\/types\/post"}],"author":[{"embeddable":true,"href":"https:\/\/podcast.rs\/en\/wp-json\/wp\/v2\/users\/3"}],"replies":[{"embeddable":true,"href":"https:\/\/podcast.rs\/en\/wp-json\/wp\/v2\/comments?post=384601"}],"version-history":[{"count":2,"href":"https:\/\/podcast.rs\/en\/wp-json\/wp\/v2\/posts\/384601\/revisions"}],"predecessor-version":[{"id":659789,"href":"https:\/\/podcast.rs\/en\/wp-json\/wp\/v2\/posts\/384601\/revisions\/659789"}],"wp:featuredmedia":[{"embeddable":true,"href":"https:\/\/podcast.rs\/en\/wp-json\/wp\/v2\/media\/48737"}],"wp:attachment":[{"href":"https:\/\/podcast.rs\/en\/wp-json\/wp\/v2\/media?parent=384601"}],"wp:term":[{"taxonomy":"category","embeddable":true,"href":"https:\/\/podcast.rs\/en\/wp-json\/wp\/v2\/categories?post=384601"},{"taxonomy":"post_tag","embeddable":true,"href":"https:\/\/podcast.rs\/en\/wp-json\/wp\/v2\/tags?post=384601"}],"curies":[{"name":"wp","href":"https:\/\/api.w.org\/{rel}","templated":true}]}}