{"id":384411,"date":"2025-06-29T20:46:21","date_gmt":"2025-06-29T18:46:21","guid":{"rendered":"https:\/\/podcast.rs\/?p=384411"},"modified":"2025-06-29T22:29:12","modified_gmt":"2025-06-29T20:29:12","slug":"108-psihijatrija-i-istorija","status":"publish","type":"post","link":"https:\/\/podcast.rs\/en\/108-psihijatrija-i-istorija\/","title":{"rendered":"108 &#8211; Psihijatrija i istorija"},"content":{"rendered":"<p>U ovoj posebnoj epizodi, psihijatar Mihailo Ili\u0107 otvara vrata studija kolegama iz podkasta <a target=\"_blank\" rel=\"noopener noreferrer nofollow\" class=\"mention-chip ytcp-social-suggestion-input\" href=\"https:\/\/studio.youtube.com\/channel\/UCux63_Z-YPubnWzzSrE7geg\"> @historycast_rs <\/a> istori\u010darki umetnosti Jovani Milovanovi\u0107 i istori\u010daru Ivanu Drlja\u010di. Kombinuju\u0107i psihijatriju i istoriju, razgovaraju o slavnim istorijskim figurama koje su nosile nevidljive terete i razmatraju kako su njihovi psihi\u010dki izazovi oblikovali ne samo njihov unutra\u0161nji svet, ve\u0107 i tok istorije i kulturno nasle\u0111e koje su ostavili. \u0160ta se doga\u0111a kada se li\u010dna psihi\u010dka borba ne odvija u ti\u0161ini ve\u0107 ostavlja trag u kulturi, politici, pa i kolektivnoj svesti? Na raskr\u0161\u0107u umetnosti, psihe i istorije, otvaraju se pri\u010de trojice velikih umetnika &#8211; Vinsenta van Goga, Edvarda Munka i Save \u0160umanovi\u0107a &#8211; u \u010dijim se delima ose\u0107a napetost izme\u0111u bola i stvaranja. Van Gogova eksplozija boja i Munkov \u201eKrik\u201c nisu samo estetske revolucije, to su unutra\u0161nji vapaji preto\u010deni u sliku. Sava \u0160umanovi\u0107, zarobljen izme\u0111u svoje umetnosti i sve dublje izolacije, svedo\u010danstvo je o tome koliko stvarala\u0161tvo mo\u017ee biti i beg i uto\u010di\u0161te ali i znak jednog dru\u0161tva koje \u010desto ne zna kako da odgovori na ranjivost. Psiha nekada nije samo li\u010dna stvar, ve\u0107 i politi\u010dka. U tom smislu, govori se i o princu \u0110or\u0111u Kara\u0111or\u0111evi\u0107u, starijem bratu kralja Aleksandra, \u010dije je povla\u010denje iz javnog \u017eivota i prisilna izolacija zbog \u201edu\u0161evne bolesti\u201c ostalo do danas jedno od najkontroverznijih mesta srpske istorije. \u0160ta je stvarna dijagnoza, a \u0161ta politi\u010dki konstrukt? Gde prestaje briga, a po\u010dinje kontrola? Sve ove pri\u010de podse\u0107aju nas na jednu istinu: promena je neizbe\u017ena i jedina konstanta. Neki su menjali umetnost, drugi tok istorije \u2013 ali svi su se borili da zadr\u017ee svoju unutra\u0161nju celinu u svetu koji \u010desto nije imao razumevanja. Ova epizoda je i poziv da prestanemo da se bojimo ranjivosti \u2013 i da je umesto toga prihvatimo kao deo rasta. Jer, kao \u0161to voda nalazi svoj tok i u kamenu i u su\u0161i, tako i \u010dovek u suo\u010davanju sa sopstvenom psihom mo\u017ee prona\u0107i snagu, izraz, pa i smisao. Prirodno je. Menjam se. Menjam se jer ose\u0107am dublje. Menjam se jer u\u010dim iz onog \u0161to me boli. Menjam se jer \u017eelim da rastem. \ud83d\udccc <em> Epizodu podr\u017eava Rosa &#8211; prirodna, ba\u0161 kao i promena<\/em><\/p>","protected":false},"excerpt":{"rendered":"<p>U ovoj posebnoj epizodi, psihijatar Mihailo Ili\u0107 otvara vrata studija kolegama iz podkasta @historycast_rs istori\u010darki umetnosti Jovani Milovanovi\u0107 i istori\u010daru Ivanu Drlja\u010di. Kombinuju\u0107i psihijatriju i istoriju, razgovaraju o slavnim istorijskim figurama koje su nosile nevidljive terete i razmatraju kako su njihovi psihi\u010dki izazovi oblikovali ne samo njihov unutra\u0161nji svet, ve\u0107 i tok istorije i kulturno&#8230;<\/p>","protected":false},"author":3,"featured_media":67456,"comment_status":"close","ping_status":"closed","sticky":false,"template":"","format":"audio","meta":{"footnotes":""},"categories":[493],"tags":[],"class_list":["post-384411","post","type-post","status-publish","format-audio","has-post-thumbnail","hentry","category-dva-i-po-psihijatra","post_format-post-format-audio"],"_links":{"self":[{"href":"https:\/\/podcast.rs\/en\/wp-json\/wp\/v2\/posts\/384411","targetHints":{"allow":["GET"]}}],"collection":[{"href":"https:\/\/podcast.rs\/en\/wp-json\/wp\/v2\/posts"}],"about":[{"href":"https:\/\/podcast.rs\/en\/wp-json\/wp\/v2\/types\/post"}],"author":[{"embeddable":true,"href":"https:\/\/podcast.rs\/en\/wp-json\/wp\/v2\/users\/3"}],"replies":[{"embeddable":true,"href":"https:\/\/podcast.rs\/en\/wp-json\/wp\/v2\/comments?post=384411"}],"version-history":[{"count":1,"href":"https:\/\/podcast.rs\/en\/wp-json\/wp\/v2\/posts\/384411\/revisions"}],"predecessor-version":[{"id":384412,"href":"https:\/\/podcast.rs\/en\/wp-json\/wp\/v2\/posts\/384411\/revisions\/384412"}],"wp:featuredmedia":[{"embeddable":true,"href":"https:\/\/podcast.rs\/en\/wp-json\/wp\/v2\/media\/67456"}],"wp:attachment":[{"href":"https:\/\/podcast.rs\/en\/wp-json\/wp\/v2\/media?parent=384411"}],"wp:term":[{"taxonomy":"category","embeddable":true,"href":"https:\/\/podcast.rs\/en\/wp-json\/wp\/v2\/categories?post=384411"},{"taxonomy":"post_tag","embeddable":true,"href":"https:\/\/podcast.rs\/en\/wp-json\/wp\/v2\/tags?post=384411"}],"curies":[{"name":"wp","href":"https:\/\/api.w.org\/{rel}","templated":true}]}}