{"id":382887,"date":"2025-06-23T09:18:23","date_gmt":"2025-06-23T07:18:23","guid":{"rendered":"https:\/\/podcast.rs\/?p=382887"},"modified":"2025-06-23T11:14:19","modified_gmt":"2025-06-23T09:14:19","slug":"radina-vucetic-i-rasa-nedeljkov-lokalni-izbori-policijska-drzava-i-prvi-put-fantomski-posmatraci","status":"publish","type":"post","link":"https:\/\/podcast.rs\/en\/radina-vucetic-i-rasa-nedeljkov-lokalni-izbori-policijska-drzava-i-prvi-put-fantomski-posmatraci\/","title":{"rendered":"Radina Vu\u010deti\u0107 i Ra\u0161a Nedeljkov: Lokalni izbori &#8211; policijska dr\u017eava i prvi put fantomski posmatra\u010di"},"content":{"rendered":"<p>U naredne \u010detiri epozode doma\u0107in Radar Foruma bi\u0107e Radina Vu\u010deti\u0107, profesorka istorije na Filozofskom fakultetu, a njen prvi gost bio je Ra\u0161a Nedeljkov, programski direktor Crte.<\/p>\n<p>Ve\u0107i deo razgovora posve\u0107en je lokalnim izborima u Zaje\u010daru i Kosjeri\u0107u, na \u010dijem se primeru jasno vidi kako izgleda politi\u010dki sistem u kome izbori formalno postoje, ali su\u0161tina ne pripada volji gra\u0111ana.<\/p>\n<p>Upravo tamo, kako su se slo\u017eili Vu\u010deti\u0107 i Nedeljkov, imali smo prilike da vidimo su svu \u0161irinu i dubinu izbornog nasilja. Zloupotreba javnih funkcija, ucene korisnika socijalnih slu\u017ebi, kupovina glasova u novcu i robi \u2013 od fri\u017eidera do traktora \u2013 pretnje, zastra\u0161ivanje, paralelne strukture koje se predstavljaju, kako Nedeljkov opisuje, \u010das kao policija, \u010das kao \u010dlanovi bira\u010dkih odbora, fizi\u010dko i verbalno nasilje, pritisci na zaposlene u javnom sektoru, fantomski posmatra\u010di, manipulacija izbornim listama, migracija bira\u010da, medijska pristrasnost i institucionalna ti\u0161ina\u2026 Malo li je. Umesto izbora, gra\u0111ani su dobili pijacu glasova pod nadzorom partijske dr\u017eave.<\/p>","protected":false},"excerpt":{"rendered":"<p>U naredne \u010detiri epozode doma\u0107in Radar Foruma bi\u0107e Radina Vu\u010deti\u0107, profesorka istorije na Filozofskom fakultetu, a njen prvi gost bio je Ra\u0161a Nedeljkov, programski direktor Crte. Ve\u0107i deo razgovora posve\u0107en je lokalnim izborima u Zaje\u010daru i Kosjeri\u0107u, na \u010dijem se primeru jasno vidi kako izgleda politi\u010dki sistem u kome izbori formalno postoje, ali su\u0161tina ne&#8230;<\/p>","protected":false},"author":3,"featured_media":22672,"comment_status":"close","ping_status":"closed","sticky":false,"template":"","format":"audio","meta":{"footnotes":""},"categories":[199],"tags":[],"class_list":["post-382887","post","type-post","status-publish","format-audio","has-post-thumbnail","hentry","category-nova-rs","post_format-post-format-audio"],"_links":{"self":[{"href":"https:\/\/podcast.rs\/en\/wp-json\/wp\/v2\/posts\/382887","targetHints":{"allow":["GET"]}}],"collection":[{"href":"https:\/\/podcast.rs\/en\/wp-json\/wp\/v2\/posts"}],"about":[{"href":"https:\/\/podcast.rs\/en\/wp-json\/wp\/v2\/types\/post"}],"author":[{"embeddable":true,"href":"https:\/\/podcast.rs\/en\/wp-json\/wp\/v2\/users\/3"}],"replies":[{"embeddable":true,"href":"https:\/\/podcast.rs\/en\/wp-json\/wp\/v2\/comments?post=382887"}],"version-history":[{"count":1,"href":"https:\/\/podcast.rs\/en\/wp-json\/wp\/v2\/posts\/382887\/revisions"}],"predecessor-version":[{"id":382888,"href":"https:\/\/podcast.rs\/en\/wp-json\/wp\/v2\/posts\/382887\/revisions\/382888"}],"wp:featuredmedia":[{"embeddable":true,"href":"https:\/\/podcast.rs\/en\/wp-json\/wp\/v2\/media\/22672"}],"wp:attachment":[{"href":"https:\/\/podcast.rs\/en\/wp-json\/wp\/v2\/media?parent=382887"}],"wp:term":[{"taxonomy":"category","embeddable":true,"href":"https:\/\/podcast.rs\/en\/wp-json\/wp\/v2\/categories?post=382887"},{"taxonomy":"post_tag","embeddable":true,"href":"https:\/\/podcast.rs\/en\/wp-json\/wp\/v2\/tags?post=382887"}],"curies":[{"name":"wp","href":"https:\/\/api.w.org\/{rel}","templated":true}]}}