{"id":382679,"date":"2025-06-22T20:18:00","date_gmt":"2025-06-22T18:18:00","guid":{"rendered":"https:\/\/podcast.rs\/?p=382679"},"modified":"2025-06-22T20:24:19","modified_gmt":"2025-06-22T18:24:19","slug":"dnevna-soba-iva-gosnjak-prepad-festival","status":"publish","type":"post","link":"https:\/\/podcast.rs\/en\/dnevna-soba-iva-gosnjak-prepad-festival\/","title":{"rendered":"Dnevna soba: Iva Go\u0161njak (Prepad festival)"},"content":{"rendered":"<p>Stara je pri\u010da da mladi najbolje razumeju mlade i da bi, ukoliko im se pru\u017ei prava prilika, mogli da naprave festival kakav bi bio ba\u0161 po njihovoj meri. Ekipa mladih entuzijasta pre \u010detiri godine pokrenula je pri\u010du koja traje i danas. Festival &#8222;Prepad&#8220; vreovatno je jednistven po tome \u0161to u programu priliku pru\u017ea isklju\u010divo mladim umetnicima, koji dobijajau \u0161ansu da mo\u017eda i po prvi put javno prezentuju svoje radove, slikarske, pesni\u010dke, filmske ili autorske muzi\u010dke kompozicije, ali i da su prvobitni organizatori prepustili mla\u0111im kolegama organizacioni deo festivala. Ove godine, &#8222;Prepad&#8220; jo\u0161 uvek nije odr\u017ean, ali jeste neka vrsta skra\u0107enog festivala o kojem nam je pri\u010dala Iva Go\u0161njak jedna od ogranizatorki ovogodi\u0161njeg &#8222;Prepada&#8220;.<\/p>","protected":false},"excerpt":{"rendered":"<p>Stara je pri\u010da da mladi najbolje razumeju mlade i da bi, ukoliko im se pru\u017ei prava prilika, mogli da naprave festival kakav bi bio ba\u0161 po njihovoj meri. Ekipa mladih entuzijasta pre \u010detiri godine pokrenula je pri\u010du koja traje i danas. Festival &#8222;Prepad&#8220; vreovatno je jednistven po tome \u0161to u programu priliku pru\u017ea isklju\u010divo mladim&#8230;<\/p>","protected":false},"author":3,"featured_media":54584,"comment_status":"close","ping_status":"closed","sticky":false,"template":"","format":"audio","meta":{"footnotes":""},"categories":[431],"tags":[],"class_list":["post-382679","post","type-post","status-publish","format-audio","has-post-thumbnail","hentry","category-dnevna-soba","post_format-post-format-audio"],"_links":{"self":[{"href":"https:\/\/podcast.rs\/en\/wp-json\/wp\/v2\/posts\/382679","targetHints":{"allow":["GET"]}}],"collection":[{"href":"https:\/\/podcast.rs\/en\/wp-json\/wp\/v2\/posts"}],"about":[{"href":"https:\/\/podcast.rs\/en\/wp-json\/wp\/v2\/types\/post"}],"author":[{"embeddable":true,"href":"https:\/\/podcast.rs\/en\/wp-json\/wp\/v2\/users\/3"}],"replies":[{"embeddable":true,"href":"https:\/\/podcast.rs\/en\/wp-json\/wp\/v2\/comments?post=382679"}],"version-history":[{"count":1,"href":"https:\/\/podcast.rs\/en\/wp-json\/wp\/v2\/posts\/382679\/revisions"}],"predecessor-version":[{"id":382680,"href":"https:\/\/podcast.rs\/en\/wp-json\/wp\/v2\/posts\/382679\/revisions\/382680"}],"wp:featuredmedia":[{"embeddable":true,"href":"https:\/\/podcast.rs\/en\/wp-json\/wp\/v2\/media\/54584"}],"wp:attachment":[{"href":"https:\/\/podcast.rs\/en\/wp-json\/wp\/v2\/media?parent=382679"}],"wp:term":[{"taxonomy":"category","embeddable":true,"href":"https:\/\/podcast.rs\/en\/wp-json\/wp\/v2\/categories?post=382679"},{"taxonomy":"post_tag","embeddable":true,"href":"https:\/\/podcast.rs\/en\/wp-json\/wp\/v2\/tags?post=382679"}],"curies":[{"name":"wp","href":"https:\/\/api.w.org\/{rel}","templated":true}]}}