{"id":380667,"date":"2025-06-13T15:30:47","date_gmt":"2025-06-13T15:30:47","guid":{"rendered":"https:\/\/podcast.rs\/?p=380667"},"modified":"2026-04-29T12:04:26","modified_gmt":"2026-04-29T10:04:26","slug":"miljana-griebl-vujovic-sta-sanja-nasa-prva-violina-u-njemackoj","status":"publish","type":"post","link":"https:\/\/podcast.rs\/en\/miljana-griebl-vujovic-sta-sanja-nasa-prva-violina-u-njemackoj\/","title":{"rendered":"Miljana Griebl-Vujovi\u0107: \u0160ta sanja na\u0161a prva violina u Njema\u010dkoj?"},"content":{"rendered":"<p>Miljana Griebl-Vujovi\u0107 i njena violina proputovali su mnogo zemalja, gradova, koncertnih dvorana i zaustavili se u Kelnu na Rajni. Za\u0161to ba\u0161 tu? Kako je sve po\u010delo? Doma\u0107in Damir Ba\u0161i\u0107 razgovara s vrhunskom violinistkinjom o njenoj ljubavi prema muzici i radu u presti\u017enim orkestrima. Me\u0111utim, kako muzika nikada nije sasvim odvojena od dru\u0161tvenih zbivanja, ispada da je politiku nemogu\u0107e zaobi\u0107i. Pogotovo ako ste se ba\u0161 onog dana kada se sru\u0161ila nadstre\u0161nica na\u0161li u Novom Sadu. Molim?<\/p>","protected":false},"excerpt":{"rendered":"<p>Miljana Griebl-Vujovi\u0107 i njena violina proputovali su mnogo zemalja, gradova, koncertnih dvorana i zaustavili se u Kelnu na Rajni. Za\u0161to ba\u0161 tu? Kako je sve po\u010delo? Doma\u0107in Damir Ba\u0161i\u0107 razgovara s vrhunskom violinistkinjom o njenoj ljubavi prema muzici i radu u presti\u017enim orkestrima. Me\u0111utim, kako muzika nikada nije sasvim odvojena od dru\u0161tvenih zbivanja, ispada da&#8230;<\/p>","protected":false},"author":3,"featured_media":48737,"comment_status":"close","ping_status":"closed","sticky":false,"template":"","format":"audio","meta":{"footnotes":""},"categories":[183],"tags":[],"class_list":["post-380667","post","type-post","status-publish","format-audio","has-post-thumbnail","hentry","category-cosmo","post_format-post-format-audio"],"_links":{"self":[{"href":"https:\/\/podcast.rs\/en\/wp-json\/wp\/v2\/posts\/380667","targetHints":{"allow":["GET"]}}],"collection":[{"href":"https:\/\/podcast.rs\/en\/wp-json\/wp\/v2\/posts"}],"about":[{"href":"https:\/\/podcast.rs\/en\/wp-json\/wp\/v2\/types\/post"}],"author":[{"embeddable":true,"href":"https:\/\/podcast.rs\/en\/wp-json\/wp\/v2\/users\/3"}],"replies":[{"embeddable":true,"href":"https:\/\/podcast.rs\/en\/wp-json\/wp\/v2\/comments?post=380667"}],"version-history":[{"count":2,"href":"https:\/\/podcast.rs\/en\/wp-json\/wp\/v2\/posts\/380667\/revisions"}],"predecessor-version":[{"id":659800,"href":"https:\/\/podcast.rs\/en\/wp-json\/wp\/v2\/posts\/380667\/revisions\/659800"}],"wp:featuredmedia":[{"embeddable":true,"href":"https:\/\/podcast.rs\/en\/wp-json\/wp\/v2\/media\/48737"}],"wp:attachment":[{"href":"https:\/\/podcast.rs\/en\/wp-json\/wp\/v2\/media?parent=380667"}],"wp:term":[{"taxonomy":"category","embeddable":true,"href":"https:\/\/podcast.rs\/en\/wp-json\/wp\/v2\/categories?post=380667"},{"taxonomy":"post_tag","embeddable":true,"href":"https:\/\/podcast.rs\/en\/wp-json\/wp\/v2\/tags?post=380667"}],"curies":[{"name":"wp","href":"https:\/\/api.w.org\/{rel}","templated":true}]}}