{"id":377689,"date":"2025-06-10T15:30:42","date_gmt":"2025-06-10T15:30:42","guid":{"rendered":"https:\/\/podcast.rs\/?p=377689"},"modified":"2026-04-29T12:04:26","modified_gmt":"2026-04-29T10:04:26","slug":"i-nakon-izbora-podrska-studentima-u-srbiji","status":"publish","type":"post","link":"https:\/\/podcast.rs\/en\/i-nakon-izbora-podrska-studentima-u-srbiji\/","title":{"rendered":"I nakon izbora, podr\u0161ka studentima u Srbiji"},"content":{"rendered":"<p>Nakon lokalnih izbora u Zaje\u010daru i Kosjeri\u0107u, stanje u Srbiji je i dalje nepromijenjeno. Tabori predsjednika Aleksandra Vu\u010di\u0107a s jedne i studentskog pokreta s druge strane i dalje zastupaju nepomirljive stavove. U me\u0111uvremenu se podr\u0161ka studentima iz njema\u010dke dijespore nastavlja. Nenad Kreizer razgovara s reporterkom Jelenom \u0110uki\u0107 Peji\u0107 i aktivisticom iz Berlina Ljubicom Duvnjak \u0110or\u0111evski.<\/p>","protected":false},"excerpt":{"rendered":"<p>Nakon lokalnih izbora u Zaje\u010daru i Kosjeri\u0107u, stanje u Srbiji je i dalje nepromijenjeno. Tabori predsjednika Aleksandra Vu\u010di\u0107a s jedne i studentskog pokreta s druge strane i dalje zastupaju nepomirljive stavove. U me\u0111uvremenu se podr\u0161ka studentima iz njema\u010dke dijespore nastavlja. Nenad Kreizer razgovara s reporterkom Jelenom \u0110uki\u0107 Peji\u0107 i aktivisticom iz Berlina Ljubicom Duvnjak \u0110or\u0111evski.<\/p>","protected":false},"author":3,"featured_media":48737,"comment_status":"close","ping_status":"closed","sticky":false,"template":"","format":"audio","meta":{"footnotes":""},"categories":[183],"tags":[],"class_list":["post-377689","post","type-post","status-publish","format-audio","has-post-thumbnail","hentry","category-cosmo","post_format-post-format-audio"],"_links":{"self":[{"href":"https:\/\/podcast.rs\/en\/wp-json\/wp\/v2\/posts\/377689","targetHints":{"allow":["GET"]}}],"collection":[{"href":"https:\/\/podcast.rs\/en\/wp-json\/wp\/v2\/posts"}],"about":[{"href":"https:\/\/podcast.rs\/en\/wp-json\/wp\/v2\/types\/post"}],"author":[{"embeddable":true,"href":"https:\/\/podcast.rs\/en\/wp-json\/wp\/v2\/users\/3"}],"replies":[{"embeddable":true,"href":"https:\/\/podcast.rs\/en\/wp-json\/wp\/v2\/comments?post=377689"}],"version-history":[{"count":2,"href":"https:\/\/podcast.rs\/en\/wp-json\/wp\/v2\/posts\/377689\/revisions"}],"predecessor-version":[{"id":659803,"href":"https:\/\/podcast.rs\/en\/wp-json\/wp\/v2\/posts\/377689\/revisions\/659803"}],"wp:featuredmedia":[{"embeddable":true,"href":"https:\/\/podcast.rs\/en\/wp-json\/wp\/v2\/media\/48737"}],"wp:attachment":[{"href":"https:\/\/podcast.rs\/en\/wp-json\/wp\/v2\/media?parent=377689"}],"wp:term":[{"taxonomy":"category","embeddable":true,"href":"https:\/\/podcast.rs\/en\/wp-json\/wp\/v2\/categories?post=377689"},{"taxonomy":"post_tag","embeddable":true,"href":"https:\/\/podcast.rs\/en\/wp-json\/wp\/v2\/tags?post=377689"}],"curies":[{"name":"wp","href":"https:\/\/api.w.org\/{rel}","templated":true}]}}