{"id":376567,"date":"2025-06-10T07:29:55","date_gmt":"2025-06-10T05:29:55","guid":{"rendered":"https:\/\/podcast.rs\/ep02-ivana-canic-24-%e2%94%82kako-pokrenuti-uspesan-sminkerski-biznis-od-0\/"},"modified":"2025-06-10T07:29:55","modified_gmt":"2025-06-10T05:29:55","slug":"ep02-ivana-canic-24-%e2%94%82kako-pokrenuti-uspesan-sminkerski-biznis-od-0","status":"publish","type":"post","link":"https:\/\/podcast.rs\/en\/ep02-ivana-canic-24-%e2%94%82kako-pokrenuti-uspesan-sminkerski-biznis-od-0\/","title":{"rendered":"EP02: Ivana Cani\u0107 (24) \u2502Kako pokrenuti uspe\u0161an \u0161minkerski biznis od 0"},"content":{"rendered":"<p>Ivanu sam slu\u010dajno upoznala i zapratila jo\u0161 2022. godine i od tad se odu\u0161evljavam koliko se trudi i radi na ostvarenju svojih snova i ciljeva, kako ostaje dosledna sebi i nastavlja da pomera granice uspeha u kreativnoj industriji u Srbiji i na Balkanu.Iako svoja iskustva \u010desto deli na Instagramu, ovaj razgovor je bio prilika da zavirim jo\u0161 dublje i saznam kako je njen put zaista izgledao, od maturantkinje iz Po\u017earevca koja sprema prijemni za medicinu i farmaciju, do poznate \u0161minkerke i edukatorke koja sara\u0111uje sa vi\u0161e svetskih brednova, nekim od najve\u0107ih imena sa na\u0161e scene i uspe\u0161no gradi svoj biznis u zemlji i u inostranstvu.Meni je snimanje ove epizode bilo prezanimljivo, tako da se nadam da \u0107e se i vama svideti. Pi\u0161ite mi va\u0161e utiske u komentarima!TIME &#8211; KODOVI:00:00 Uvod u epizodu i predstavljanje go\u0161\u0107e00:01:57 Ivanini kreativni po\u010deci00:04:17 Izme\u0111u nauke i umetnosti, kreativnost kao porodi\u010dna crta i kona\u010dan izbor ka kreativnosti i umetnosti umesto medicine i farmacije00:12:52 Pokretanje instagram profila i Nescafe Generation 3 in 1 challenge takmi\u010denje00:17:26 Prvi zara\u0111en novac od \u0161minkanja00:24:43 Napu\u0161tanje fakulteta i nala\u017eenje prvih klijenata00:28:20 Biznis po\u010deci, podr\u0161ka porodice i finansije pre izgra\u0111enog biznisa00:36:11 Preseljenje u Beograd, upis fakulteta i razvoj biznisa tokom pandemije00:42:05 Rad sa slavnim li\u010dnostima, saradnje sa brendovima i WOW momenti00:49:07 Preduzetni\u0161tvo, burnout i nau\u010dene lekcije00:53:10 Organizacija vremena, delegiranje i pronalazak asistenta i negovanje kreativnosti van posla01:00:50 Otvaranje studija i \u0161irenje biznisa van Srbije, \u017eelje i planovi za budu\u0107nost01:05:33 \u0160ta bi pitala nekog starijeg i iskusnijeg i poru\u010dila nekom mla\u0111em ili mla\u0111oj sebi01:08:30 Dodatne poruke podr\u0161ke +IVANINI LINKOVI:Instagram &#8211; <a href=\"https:\/\/www.instagram.com\/caniceva\/\" rel=\"nofollow\">https:\/\/www.instagram.com\/caniceva\/<\/a> Tiktok &#8211; <a href=\"https:\/\/www.tiktok.com\/@caniceva\" rel=\"nofollow\">https:\/\/www.tiktok.com\/@caniceva<\/a> Sajt (uskoro) &#8211; <a href=\"https:\/\/caniceva.com\/\" rel=\"nofollow\">https:\/\/caniceva.com\/<\/a> +MOJI LINKOVI:Instagram &#8211; <a href=\"https:\/\/www.instagram.com\/marijaoverthinker\/\" rel=\"nofollow\">https:\/\/www.instagram.com\/marijaoverthinker\/<\/a> Tiktok &#8211; <a href=\"https:\/\/www.tiktok.com\/@marijaoverthinker\" rel=\"nofollow\">https:\/\/www.tiktok.com\/@marijaoverthinker<\/a> LinkedIn &#8211; <a href=\"https:\/\/www.linkedin.com\/in\/marija-raicevic\/\" rel=\"nofollow\">https:\/\/www.linkedin.com\/in\/marija-raicevic\/<\/a> OverThinker blog &#8211; <a href=\"https:\/\/overthinker.rs\/\" rel=\"nofollow\">https:\/\/overthinker.rs\/<\/a> +KORISNI RESURSI:Templejt poruke za javljanje &#8211; <a href=\"https:\/\/marijaraicevic.gumroad.com\/l\/poruka-za-javljanje\" rel=\"nofollow\">https:\/\/marijaraicevic.gumroad.com\/l\/poruka-za-javljanje<\/a> OverThinker Telegram zajednica sa prilikama za mlade &#8211; <a href=\"https:\/\/t.me\/overthinker_centar\" rel=\"nofollow\">https:\/\/t.me\/overthinker_centar<\/a><\/p>","protected":false},"excerpt":{"rendered":"<p>Ivanu sam slu\u010dajno upoznala i zapratila jo\u0161 2022. godine i od tad se odu\u0161evljavam koliko se trudi i radi na ostvarenju svojih snova i ciljeva, kako ostaje dosledna sebi i nastavlja da pomera granice uspeha u kreativnoj industriji u Srbiji i na Balkanu.Iako svoja iskustva \u010desto deli na Instagramu, ovaj razgovor je bio prilika da&#8230;<\/p>","protected":false},"author":3,"featured_media":325206,"comment_status":"","ping_status":"closed","sticky":false,"template":"","format":"standard","meta":{"footnotes":""},"categories":[665],"tags":[],"class_list":["post-376567","post","type-post","status-publish","format-standard","has-post-thumbnail","hentry","category-mladi-profesionalci"],"_links":{"self":[{"href":"https:\/\/podcast.rs\/en\/wp-json\/wp\/v2\/posts\/376567","targetHints":{"allow":["GET"]}}],"collection":[{"href":"https:\/\/podcast.rs\/en\/wp-json\/wp\/v2\/posts"}],"about":[{"href":"https:\/\/podcast.rs\/en\/wp-json\/wp\/v2\/types\/post"}],"author":[{"embeddable":true,"href":"https:\/\/podcast.rs\/en\/wp-json\/wp\/v2\/users\/3"}],"replies":[{"embeddable":true,"href":"https:\/\/podcast.rs\/en\/wp-json\/wp\/v2\/comments?post=376567"}],"version-history":[{"count":0,"href":"https:\/\/podcast.rs\/en\/wp-json\/wp\/v2\/posts\/376567\/revisions"}],"wp:featuredmedia":[{"embeddable":true,"href":"https:\/\/podcast.rs\/en\/wp-json\/wp\/v2\/media\/325206"}],"wp:attachment":[{"href":"https:\/\/podcast.rs\/en\/wp-json\/wp\/v2\/media?parent=376567"}],"wp:term":[{"taxonomy":"category","embeddable":true,"href":"https:\/\/podcast.rs\/en\/wp-json\/wp\/v2\/categories?post=376567"},{"taxonomy":"post_tag","embeddable":true,"href":"https:\/\/podcast.rs\/en\/wp-json\/wp\/v2\/tags?post=376567"}],"curies":[{"name":"wp","href":"https:\/\/api.w.org\/{rel}","templated":true}]}}